{"id":308469,"date":"2025-08-10T01:30:35","date_gmt":"2025-08-10T01:30:35","guid":{"rendered":"https:\/\/www.europesays.com\/fr\/308469\/"},"modified":"2025-08-10T01:30:35","modified_gmt":"2025-08-10T01:30:35","slug":"victoire-de-prestige-pour-lens-rennes-frustre-a-domicile-amicaux-resume","status":"publish","type":"post","link":"https:\/\/www.europesays.com\/fr\/308469\/","title":{"rendered":"Victoire de prestige pour Lens, Rennes frustr\u00e9 \u00e0 domicile &#8211; Amicaux &#8211; R\u00e9sum\u00e9"},"content":{"rendered":"<p>\t\t\t<img decoding=\"async\" loading=\"lazy\" class=\"blason blason-grand\" src=\"https:\/\/www.europesays.com\/fr\/wp-content\/uploads\/2025\/04\/1745798058_548_grande.jpg\"\/>Lens 2-1 RB Leipzig <img decoding=\"async\" loading=\"lazy\" class=\"blason blason-grand\" src=\"https:\/\/www.europesays.com\/fr\/wp-content\/uploads\/2025\/08\/1754789432_908_grande.jpg\"\/><\/p>\n<p>Buts : Thomasson (59e) &amp; Udol (64e) pour les Sang et Or \/\/ Openda (83e) pour les vendeurs de canettes<\/p>\n<p>Pour sa <strong>premi\u00e8re sous le maillot Sang et Or, Florian Thauvin<\/strong> a v\u00e9cu des d\u00e9buts canons. L\u2019ancien Marseillais est \u00e0 l\u2019origine de la passe d\u00e9cisive du <strong>break sign\u00e9 Matthieu Udol<\/strong>, quatre minutes apr\u00e8s son entr\u00e9e en jeu sous les acclamations des 27 000 spectateurs pr\u00e9sents \u00e0 Bollaert-Delelis. La cellule de recrutement lensoise peut se f\u00e9liciter, Pierre Sage peut quant \u00e0 lui souffler. Apr\u00e8s une premi\u00e8re p\u00e9riode vierge en buts, mais pas en bonnes intentions, ses joueurs finissent par faire sauter le verrou lipsien avec une<strong>\u00a0t\u00eate d\u2019Adrien Thomasson<\/strong>, bien trouv\u00e9 par Wesley Sa\u00efd.<\/p>\n<p>Seule ombre au tableau, la r\u00e9duction du score sign\u00e9e de l\u2019ancien Art\u00e9sien <strong>Lo\u00efs Openda<\/strong>, lequel s\u2019offre R\u00e9gis Gurtner, entr\u00e9 \u00e0 la place de Robin Risser pour la derni\u00e8re demi-heure de jeu. Qu\u2019importe, le r\u00e9sultat est l\u00e0 et avec quatre succ\u00e8s, deux nuls et une seule d\u00e9faite (2-0 face \u00e0 l\u2019AS Roma), le RC Lens termine une pr\u00e9paration estivale de bonne facture. L\u2019Olympique lyonnais \u2013 premier visiteur de Bollaert dans l\u2019exercice 2025-2026 \u2013 est pr\u00e9venu.<\/p>\n<p><img decoding=\"async\" loading=\"lazy\" class=\"blason blason-grand\" src=\"https:\/\/www.europesays.com\/fr\/wp-content\/uploads\/2025\/04\/1744694119_584_grande.jpg\"\/> Rennes 2-2 Genoa <img decoding=\"async\" loading=\"lazy\" class=\"blason blason-grand\" src=\"https:\/\/www.europesays.com\/fr\/wp-content\/uploads\/2025\/08\/1754789435_682_grande.jpg\"\/><\/p>\n<p>Buts : Al-Taamari (21e) &amp; D. Ciss\u00e9 (73e) pour Rennes \/\/ Malinovskyi (78e) &amp; \u00d8stig\u00e5rd (90e) pour le Genoa<\/p>\n<p>Pr\u00eat\u00e9 au Genoa, le Norv\u00e9gien Leo \u00d8stig\u00e5rd ne s\u2019est pas fait que des amis pour son retour au Roazhon Park. Auteur du coup de casque venu crucifier Brice Samba juste avant le coup de sifflet final, le Norv\u00e9gien a permis \u00e0 son nouveau club d\u2019arracher un match nul pas si illogique au vu du rel\u00e2chement rennais en fin de partie.<\/p>\n<p>Une partie qui tourne pourtant rapidement \u00e0 l\u2019avantage des locaux gr\u00e2ce \u00e0 Musa Al-Taamari qui remporte son duel face \u00e0 Leali <strong>(1-0, 21e)<\/strong> et confirme le bon \u00e9tat d\u2019esprit affich\u00e9 par ses partenaires. Il faudra cependant attendre le dernier quart d\u2019heure pour revoir des buts : apr\u00e8s une frappe de Ludovic Blas d\u00e9vi\u00e9e en corner, Djaoui Ciss\u00e9 tente sa chance \u00e0 25 m\u00e8tres et envoie un bijou de p\u00e9tard qui vient trouer la lucarne du Genoa <strong>(2-0, 73e)<\/strong>. Le break est fait mais les ennuis commencent : coupable de son rel\u00e2chement, Rennes voit Malinovskyi r\u00e9duire l\u2019\u00e9cart, avant que ce diable d\u2019\u00d8stig\u00e5rd, entr\u00e9 dans la foul\u00e9e, ne viennent remettre les compteurs \u00e0 z\u00e9ro sur le buzzer.<\/p>\n<p>Bilan de la pr\u00e9paration rennaise : une victoire, une d\u00e9faite et quatre matchs nuls. Place \u00e0 l\u2019OM d\u00e9sormais, pour ouvrir le bal de la Ligue 1 le 15 ao\u00fbt prochain.<\/p>\n<p>\t\t\t\t\t\t\t\t\t\t<a class=\"lien-connexe\" href=\"https:\/\/www.sofoot.com\/breves\/rennes-om-et-nantes-psg-on-connait-les-affiches-de-la-premiere-journee-de-ligue-1\" rel=\"nofollow noopener\" target=\"_blank\">D\u00e9couvrez les affiches de la premi\u00e8re journ\u00e9e de Ligue 1<\/a>\t\t\t\t\t<\/p>\n","protected":false},"excerpt":{"rendered":"Lens 2-1 RB Leipzig Buts : Thomasson (59e) &amp; Udol (64e) pour les Sang et Or \/\/ Openda&hellip;\n","protected":false},"author":2,"featured_media":308470,"comment_status":"","ping_status":"","sticky":false,"template":"","format":"standard","meta":{"footnotes":""},"categories":[2821],"tags":[1111,47,11,61,829,69,65,64,1777,674,63,1011,27,68,66,12,62,70,584,25,67],"class_list":{"0":"post-308469","1":"post","2":"type-post","3":"status-publish","4":"format-standard","5":"has-post-thumbnail","7":"category-rennes","8":"tag-actu","9":"tag-actualite","10":"tag-actualites","11":"tag-actus-football","12":"tag-bretagne","13":"tag-bundesliga","14":"tag-championnats-europeens","15":"tag-equipe-de-france","16":"tag-eu","17":"tag-europe","18":"tag-football","19":"tag-fr","20":"tag-france","21":"tag-ligua","22":"tag-ligue-1","23":"tag-news","24":"tag-news-foot","25":"tag-premier-league","26":"tag-rennes","27":"tag-republique-francaise","28":"tag-serie-a"},"share_on_mastodon":{"url":"https:\/\/pubeurope.com\/@fr\/115001886261999925","error":""},"_links":{"self":[{"href":"https:\/\/www.europesays.com\/fr\/wp-json\/wp\/v2\/posts\/308469","targetHints":{"allow":["GET"]}}],"collection":[{"href":"https:\/\/www.europesays.com\/fr\/wp-json\/wp\/v2\/posts"}],"about":[{"href":"https:\/\/www.europesays.com\/fr\/wp-json\/wp\/v2\/types\/post"}],"author":[{"embeddable":true,"href":"https:\/\/www.europesays.com\/fr\/wp-json\/wp\/v2\/users\/2"}],"replies":[{"embeddable":true,"href":"https:\/\/www.europesays.com\/fr\/wp-json\/wp\/v2\/comments?post=308469"}],"version-history":[{"count":0,"href":"https:\/\/www.europesays.com\/fr\/wp-json\/wp\/v2\/posts\/308469\/revisions"}],"wp:featuredmedia":[{"embeddable":true,"href":"https:\/\/www.europesays.com\/fr\/wp-json\/wp\/v2\/media\/308470"}],"wp:attachment":[{"href":"https:\/\/www.europesays.com\/fr\/wp-json\/wp\/v2\/media?parent=308469"}],"wp:term":[{"taxonomy":"category","embeddable":true,"href":"https:\/\/www.europesays.com\/fr\/wp-json\/wp\/v2\/categories?post=308469"},{"taxonomy":"post_tag","embeddable":true,"href":"https:\/\/www.europesays.com\/fr\/wp-json\/wp\/v2\/tags?post=308469"}],"curies":[{"name":"wp","href":"https:\/\/api.w.org\/{rel}","templated":true}]}}