{"id":308471,"date":"2025-08-10T01:32:18","date_gmt":"2025-08-10T01:32:18","guid":{"rendered":"https:\/\/www.europesays.com\/fr\/308471\/"},"modified":"2025-08-10T01:32:18","modified_gmt":"2025-08-10T01:32:18","slug":"strasbourg-signe-hogsberg-sa-13e-recrue-de-lete","status":"publish","type":"post","link":"https:\/\/www.europesays.com\/fr\/308471\/","title":{"rendered":"Strasbourg signe H\u00f6gsberg, sa 13e recrue de l\u2019\u00e9t\u00e9"},"content":{"rendered":"<p>Le RC Strasbourg poursuit son recrutement inspir\u00e9 avec le Danois Lucas H\u00f6gsberg depuis Nordsjaelland. Le d\u00e9fenseur central a sign\u00e9 un contrat de cinq ans et a co\u00fbt\u00e9 environ 15 millions d\u2019euros aux Alsaciens.<\/p>\n<p class=\"fig-paragraph\"><a href=\"http:\/\/www.lefigaro.fr\/sports\/football\/transferts\/mercato-strasbourg-recrute-la-pepite-kendry-paez-en-pret-20250731\" data-fig-type=\"NewsFlash\" data-gtm-custom-categorie=\"navigation\" data-gtm-custom-action=\"crossclick\" data-gtm-custom-label=\"Contextuel\" data-gtm-event=\"customEventSPE\" data-fig-domain=\"LEFIGARO\" rel=\"nofollow noopener\" target=\"_blank\">Strasbourg<\/a>\u00a0poursuit son mercato de haute facture en signant le d\u00e9fenseur central Lucas H\u00f6gsberg. Le Danois arrive en provenance de Nordsjaelland, situ\u00e9e \u00e0 quelques dizaines de kilom\u00e8tres de Copenhague. Le joueur de 19 ans est li\u00e9 jusqu\u2019au club alsacien jusqu\u2019en 2030. Le montant du transfert est estim\u00e9 \u00e0 15 millions d\u2019euros, hors bonus.<\/p>\n<p class=\"fig-paragraph\">Un pourcentage \u00e0 la revente a \u00e9t\u00e9 n\u00e9goci\u00e9 par le club danois, il n\u2019a pas \u00e9t\u00e9 pr\u00e9cis\u00e9 \u00e0 quelle hauteur il s\u2019\u00e9levait. H\u00f6gsberg a jou\u00e9 31 matches avec Nordsjaelland la saison pass\u00e9e, il est la quatri\u00e8me recrue de Strasbourg \u00e0 ce poste. Le RCSA a d\u00e9j\u00e0 officialis\u00e9 l\u2019arriv\u00e9e de&#8230; 13 nouveaux joueurs cet \u00e9t\u00e9. Assur\u00e9ment un des clubs \u00e0 suivre la saison prochaine.<\/p>\n<p>                                    <a class=\"fig-a11y-skip a11y-hidden\" href=\"#fig-a11y-skip-main-inarticle\"><br \/>\n        Passer la publicit\u00e9<br \/>\n    <\/a><\/p>\n<p>Une semaine avant la reprise de la ligue 1<\/p>\n<p class=\"fig-paragraph\">Quelques minutes apr\u00e8s avoir annonc\u00e9 la venue d\u2019H\u00f6gsberg, Strasbourg affrontait Mayence \u00e0 l\u2019occasion de son dernier match de pr\u00e9-saison. Les deux \u00e9quipes se sont quitt\u00e9es sur un triste score nul et vierge (0-0). Le RCSA d\u00e9butera son championnat \u00e0 l\u2019ext\u00e9rieur dans un derby enflamm\u00e9 face \u00e0 Metz le 17 ao\u00fbt prochain.<\/p>\n","protected":false},"excerpt":{"rendered":"Le RC Strasbourg poursuit son recrutement inspir\u00e9 avec le Danois Lucas H\u00f6gsberg depuis Nordsjaelland. Le d\u00e9fenseur central a&hellip;\n","protected":false},"author":2,"featured_media":308472,"comment_status":"","ping_status":"","sticky":false,"template":"","format":"standard","meta":{"footnotes":""},"categories":[2820],"tags":[1111,11,11871,1777,674,1011,27,775,12,25,640],"class_list":{"0":"post-308471","1":"post","2":"type-post","3":"status-publish","4":"format-standard","5":"has-post-thumbnail","7":"category-strasbourg","8":"tag-actu","9":"tag-actualites","10":"tag-chelsea","11":"tag-eu","12":"tag-europe","13":"tag-fr","14":"tag-france","15":"tag-grand-est","16":"tag-news","17":"tag-republique-francaise","18":"tag-strasbourg"},"share_on_mastodon":{"url":"https:\/\/pubeurope.com\/@fr\/115001894042802511","error":""},"_links":{"self":[{"href":"https:\/\/www.europesays.com\/fr\/wp-json\/wp\/v2\/posts\/308471","targetHints":{"allow":["GET"]}}],"collection":[{"href":"https:\/\/www.europesays.com\/fr\/wp-json\/wp\/v2\/posts"}],"about":[{"href":"https:\/\/www.europesays.com\/fr\/wp-json\/wp\/v2\/types\/post"}],"author":[{"embeddable":true,"href":"https:\/\/www.europesays.com\/fr\/wp-json\/wp\/v2\/users\/2"}],"replies":[{"embeddable":true,"href":"https:\/\/www.europesays.com\/fr\/wp-json\/wp\/v2\/comments?post=308471"}],"version-history":[{"count":0,"href":"https:\/\/www.europesays.com\/fr\/wp-json\/wp\/v2\/posts\/308471\/revisions"}],"wp:featuredmedia":[{"embeddable":true,"href":"https:\/\/www.europesays.com\/fr\/wp-json\/wp\/v2\/media\/308472"}],"wp:attachment":[{"href":"https:\/\/www.europesays.com\/fr\/wp-json\/wp\/v2\/media?parent=308471"}],"wp:term":[{"taxonomy":"category","embeddable":true,"href":"https:\/\/www.europesays.com\/fr\/wp-json\/wp\/v2\/categories?post=308471"},{"taxonomy":"post_tag","embeddable":true,"href":"https:\/\/www.europesays.com\/fr\/wp-json\/wp\/v2\/tags?post=308471"}],"curies":[{"name":"wp","href":"https:\/\/api.w.org\/{rel}","templated":true}]}}