{"id":308473,"date":"2025-08-10T01:34:43","date_gmt":"2025-08-10T01:34:43","guid":{"rendered":"https:\/\/www.europesays.com\/fr\/308473\/"},"modified":"2025-08-10T01:34:43","modified_gmt":"2025-08-10T01:34:43","slug":"ces-3-plages-proches-de-nice-sont-encore-relativement-preservees","status":"publish","type":"post","link":"https:\/\/www.europesays.com\/fr\/308473\/","title":{"rendered":"ces 3 plages proches de Nice sont encore relativement pr\u00e9serv\u00e9es"},"content":{"rendered":"<p>Vous pensez conna\u00eetre toutes les plages de la C\u00f4te d&rsquo;Azur ? D\u00e9trompez-vous : juste \u00e0 quelques kilom\u00e8tres de Nice se cachent trois v\u00e9ritables joyaux oubli\u00e9s des guides touristiques.<\/p>\n<p>La Plage de la Grotte \u00e0 Nice : un tr\u00e9sor cach\u00e9 accessible uniquement par la mer<\/p>\n<p>Ici, <strong>l&rsquo;Aventure prend un grand A<\/strong>. Nich\u00e9e au creux d&rsquo;une falaise et totalement coup\u00e9e du rivage, la <a href=\"https:\/\/www.lejournaldelamaison.fr\/le-journal-de-la-maison\/decoration-par-style\/bord-de-mer\/plages-secretes-a-moins-de-20km-de-saint-laurent-du-var-alpes-maritimes-518304.html\" rel=\"nofollow noopener\" target=\"_blank\" data-ylk=\"slk:plage de la Grotte;elm:context_link;itc:0;sec:content-canvas\" class=\"link \"><strong>plage de la Grotte<\/strong><\/a> se m\u00e9rite. Accessible exclusivement par la mer, en nageant ou en bateau, elle reste l&rsquo;une des rares plages encore pr\u00e9serv\u00e9es de l&rsquo;agitation estivale de la Riviera. Et c&rsquo;est pr\u00e9cis\u00e9ment ce qui fait toute sa valeur. Prot\u00e9g\u00e9e du vent par de hautes parois rocheuses, cette crique intimiste d\u00e9voile <strong>une eau cristalline d&rsquo;une limpidit\u00e9 saisissante<\/strong>. Masque sur le nez et palmes aux pieds, on y d\u00e9couvre une vie marine foisonnante, \u00e0 quelques m\u00e8tres seulement du rivage. Petits bancs de poissons, an\u00e9mones et reflets d&rsquo;argent dansent sous la surface.<\/p>\n<p>Mais ce que l&rsquo;on retient avant tout, c&rsquo;est le <strong>silence<\/strong>. Pas de transats align\u00e9s, pas de musique, pas de parasols color\u00e9s. Juste le clapotis de l&rsquo;eau contre les rochers et la sensation jubilatoire d&rsquo;avoir d\u00e9couvert un endroit que peu de gens connaissent. Un lieu paisible, rare, \u00e0 savourer loin des regards.<\/p>\n<p>Petit rappel logistique : pensez \u00e0 venir \u00e9quip\u00e9. Il vous faudra une embarcation, ou \u00eatre un bon nageur pour rejoindre <strong>ce petit paradis confidentiel<\/strong>. Cet isolement volontaire est la cl\u00e9 de son charme et de sa s\u00e9r\u00e9nit\u00e9.<\/p>\n<p>Coco Beach : spot discret et romantique \u00e0 l&rsquo;ouest du port de Nice<\/p>\n<p>\u00c0 l&rsquo;\u00e9cart des plages de galets bond\u00e9es, <strong>Coco Beach<\/strong> attire ceux qui fuient les foules sans vouloir&#8230;<a href=\"https:\/\/www.lejournaldelamaison.fr\/le-journal-de-la-maison\/decoration-par-style\/bord-de-mer\/3-plages-calmes-proches-de-nice-alpes-maritimes-518302.html\" rel=\"nofollow noopener\" target=\"_blank\" data-ylk=\"slk:Lire la suite sur Le Journal de la Maison;elm:context_link;itc:0;sec:content-canvas\" class=\"link \">Lire la suite sur Le Journal de la Maison<\/a><\/p>\n","protected":false},"excerpt":{"rendered":"Vous pensez conna\u00eetre toutes les plages de la C\u00f4te d&rsquo;Azur ? D\u00e9trompez-vous : juste \u00e0 quelques kilom\u00e8tres de&hellip;\n","protected":false},"author":2,"featured_media":308474,"comment_status":"","ping_status":"","sticky":false,"template":"","format":"standard","meta":{"footnotes":""},"categories":[2819],"tags":[1111,11,1777,674,1011,27,44860,29241,36486,12,2401,8302,12518,882,25],"class_list":{"0":"post-308473","1":"post","2":"type-post","3":"status-publish","4":"format-standard","5":"has-post-thumbnail","7":"category-nice","8":"tag-actu","9":"tag-actualites","10":"tag-eu","11":"tag-europe","12":"tag-fr","13":"tag-france","14":"tag-guides-touristiques","15":"tag-la-cote-dazur","16":"tag-la-mer","17":"tag-news","18":"tag-nice","19":"tag-plages","20":"tag-port-de-nice","21":"tag-provence-alpes-cote-dazur","22":"tag-republique-francaise"},"share_on_mastodon":{"url":"https:\/\/pubeurope.com\/@fr\/115001901884668878","error":""},"_links":{"self":[{"href":"https:\/\/www.europesays.com\/fr\/wp-json\/wp\/v2\/posts\/308473","targetHints":{"allow":["GET"]}}],"collection":[{"href":"https:\/\/www.europesays.com\/fr\/wp-json\/wp\/v2\/posts"}],"about":[{"href":"https:\/\/www.europesays.com\/fr\/wp-json\/wp\/v2\/types\/post"}],"author":[{"embeddable":true,"href":"https:\/\/www.europesays.com\/fr\/wp-json\/wp\/v2\/users\/2"}],"replies":[{"embeddable":true,"href":"https:\/\/www.europesays.com\/fr\/wp-json\/wp\/v2\/comments?post=308473"}],"version-history":[{"count":0,"href":"https:\/\/www.europesays.com\/fr\/wp-json\/wp\/v2\/posts\/308473\/revisions"}],"wp:featuredmedia":[{"embeddable":true,"href":"https:\/\/www.europesays.com\/fr\/wp-json\/wp\/v2\/media\/308474"}],"wp:attachment":[{"href":"https:\/\/www.europesays.com\/fr\/wp-json\/wp\/v2\/media?parent=308473"}],"wp:term":[{"taxonomy":"category","embeddable":true,"href":"https:\/\/www.europesays.com\/fr\/wp-json\/wp\/v2\/categories?post=308473"},{"taxonomy":"post_tag","embeddable":true,"href":"https:\/\/www.europesays.com\/fr\/wp-json\/wp\/v2\/tags?post=308473"}],"curies":[{"name":"wp","href":"https:\/\/api.w.org\/{rel}","templated":true}]}}