{"id":30849,"date":"2025-04-17T05:00:17","date_gmt":"2025-04-17T05:00:17","guid":{"rendered":"https:\/\/www.europesays.com\/fr\/30849\/"},"modified":"2025-04-17T05:00:17","modified_gmt":"2025-04-17T05:00:17","slug":"gabriel-est-toujours-dans-le-coma-joseph-avoue-tout-aurore-et-nordine-perdent-connaissance-le-resume-de-lepisode-1924-du-jeudi-17-avril-2025","status":"publish","type":"post","link":"https:\/\/www.europesays.com\/fr\/30849\/","title":{"rendered":"Gabriel est toujours dans le coma, Joseph avoue tout, Aurore et Nordine perdent connaissance ! Le r\u00e9sum\u00e9 de l\u2019\u00e9pisode 1924 du jeudi 17 avril 2025"},"content":{"rendered":"<p><b>Jeudi 17\u00a0avril 2025 dans <\/b><a href=\"https:\/\/www.programme-tv.net\/programme\/series-tv\/r1549293395-demain-nous-appartient\/\" target=\"_blank\" rel=\"noopener\"><b>Demain nous appartient<\/b><\/a>,<b> <\/b>qu&rsquo;a <a href=\"https:\/\/https\/\/www.programme-tv.net\/\/news\/series-tv\/375179-exclu-demain-nous-appartient-choc-gregoire-champion-timothee-quitte-le-feuilleton-apres-7-ans-de-presence\/\">quitt\u00e9 Gr\u00e9goire Champion (Timoth\u00e9e)<\/a> et qui <a href=\"https:\/\/www.programme-tv.net\/news\/series-tv\/373928-exclu-demain-nous-appartient-paul-belmondo-rejoint-le-feuilleton-de-tf1-decouvrez-les-premieres-infos-sur-son-personnage\/\" data-api-deeplink=\"teleloisirs:\/\/news\/373928\" target=\"_blank\" rel=\"noopener\">va accueillir Paul Belmondo<\/a>&#8230; Contre attente, <a href=\"https:\/\/www.programme-tv.net\/\/news\/series-tv\/376728-demain-nous-appartient-en-avance-xxxxxxxx-le-resume-de-lepisode-1922-du-lundi-14-avril-2025\/\" target=\"_blank\" rel=\"noopener\">c&rsquo;est Joseph (Cyril Aubin) qui est le ma\u00eetre-chanteur\u00a0!<\/a> Apr\u00e8s <a href=\"https:\/\/www.programme-tv.net\/\/news\/series-tv\/376819-demain-nous-appartient\/\" target=\"_blank\" rel=\"noopener\">s&rsquo;\u00eatre bagarr\u00e9 avec Gabriel et l&rsquo;avoir assomm\u00e9<\/a>, il enl\u00e8ve son masque et r\u00e9v\u00e8le son visage. Un indice permet \u00e0 la police de remonter jusqu&rsquo;\u00e0 lui et <a href=\"https:\/\/www.programme-tv.net\/\/news\/series-tv\/376767-demain-nous-appartient-en-avance-le-resume-de-lepisode-1923-du-mercredi-16-avril-2025\/\" target=\"_blank\" rel=\"noopener\">il est enfin arr\u00eat\u00e9<\/a>.<\/p>\n<p>Demain nous appartient en avance : La police manque de preuves pour accuser Joseph, qui a \u00e9t\u00e9 plac\u00e9 en garde \u00e0 vue<\/p>\n<p>En salle d&rsquo;interrogatoire, Joseph, repr\u00e9sent\u00e9 par Simon, nie dans un premier temps \u00eatre le ma\u00eetre-chanteur. Martin lui d\u00e9roule son mobile et les preuves ADN dont il dispose. Tr\u00e8s inquiet pour ses parents qu&rsquo;il n&rsquo;a pas pu appeler comme d&rsquo;habitude, Joseph accepte que son appartement soit perquisitionn\u00e9. Malgr\u00e9 la garde \u00e0 vue de Joseph, l&rsquo;enqu\u00eate pi\u00e9tine. Rien dans son pass\u00e9 ni son comportement ne portent \u00e0 croire que Joseph soit un criminel. Et le bornage de son t\u00e9l\u00e9phone montre qu&rsquo;il se trouvait chez lui le jour des agressions. Il n&rsquo;y a pas non plus de mouvements d&rsquo;argent suspects sur son compte. Georges revient de la perquisition. L&rsquo;appartement de Joseph a \u00e9t\u00e9 pass\u00e9 au peigne fin mais ils n&rsquo;ont rien trouv\u00e9. Sans preuves, Marin songe \u00e0 lever la garde \u00e0 vue&#8230; Micha\u00ebl \u00e0 une id\u00e9e. Si le mobile de Joseph \u00e9tait d&rsquo;aider ses parents, il a d\u00fb trouver un moyen pour que ces derniers puissent r\u00e9cup\u00e9rer l&rsquo;argent. Et s&rsquo;il avait planqu\u00e9 le magot \u00e0 l&rsquo;EHPAD\u00a0? Georges d\u00e9couvre que Joseph a donn\u00e9 une enveloppe de 8\u00a0000\u00a0euros en cash au directeur de l&rsquo;\u00e9tablissement. La police compare les billets \u00e0 ceux de la ran\u00e7on de Soraya. Jackpot\u00a0!<\/p>\n<p>                        Demain nous appartient en avance : Gabriel est dans le coma et Victoire prend ses distances avec Fred<\/p>\n<p>\u00c0 l&rsquo;h\u00f4pital, alors que Gabriel est dans le coma, Soraya et Victoire esp\u00e8rent que la police a interpell\u00e9 le bon suspect. Boulevers\u00e9e, Soraya veut \u00ab\u00a0retrouver sa vie\u00a0\u00bb et s&rsquo;effondre en larmes dans les bras de Victoire. Plus tard, elle murmure \u00e0 Gabriel, toujours sans connaissance, que la police a arr\u00eat\u00e9 le ma\u00eetre-chanteur. Elle le supplie de se r\u00e9veiller. Aaron arrive avec des nouvelles plut\u00f4t encourageantes sur son \u00e9tat, mais ignore quand il va se r\u00e9veiller. Noor et Aaron conseillent \u00e0 Soraya de rentrer se reposer. Mais elle se refuse \u00e0 le laisser. <br \/>Au courant de l&rsquo;arrestation, Fred rejoint Victoire \u00e0 l&rsquo;h\u00f4pital pour lui proposer d&rsquo;aller f\u00eater \u00e7a. Elle r\u00e9pond qu&rsquo;elle n&rsquo;a pas trop la t\u00eate \u00e0 faire la f\u00eate et s&rsquo;appr\u00eate \u00e0 retrouver Soraya dans la chambre de Gabriel. Fred souligne qu&rsquo;il est l\u00e0 si elle a besoin mais sent que Victoire est sur la r\u00e9serve. Elle lui dit qu&rsquo;elle aimerait passerait du temps avec lui mais qu&rsquo;elle a peur de la jalousie de Marine. Ils comprennent tous les deux que les choses ne sont pas si claires entre eux. Victoire rejoint Soraya pour la soutenir. Rapha\u00eblle se joint \u00e0 elles pour leur tenir compagnie. Elles d\u00e9cident de manger ensemble toutes les trois avec Noor, qui les rejoindra \u00e0 la fin de son service. Soraya est tr\u00e8s touch\u00e9e.<\/p>\n<p>            Demain nous appartient en avance : Joseph passe aux aveux\u00a0! Il risque 30 ans de prison<\/p>\n<p>Joseph explique \u00e0 Martial que lorsque l&rsquo;\u00e9tat de ses parents a empir\u00e9, il a paniqu\u00e9 en voyant le montant des soins. Au d\u00e9part, il r\u00e9cup\u00e9rait des donn\u00e9es de clients qu&rsquo;il vendait ill\u00e9galement. Mais il s&rsquo;est fait licencier. Sans emploi, ni ressources, il ne pouvait supporter l&rsquo;id\u00e9e que ses parents malades se retrouvent \u00e0 la rue. Contre un pourcentage, Fr\u00e9micourt lui a transmis les fichiers des clients pour qu&rsquo;il puisse les pirater \u00e0 distance, avant de le faire chanter. Joseph a vol\u00e9 l&rsquo;arme de service de Manon au d\u00e9part pour l&rsquo;intimider, en vain. Il s&rsquo;est alors d\u00e9barrass\u00e9 de l&rsquo;arme et a pi\u00e9g\u00e9 Victoire et Soraya. Cagoul\u00e9, il leur a fait croire qu&rsquo;il avait chut\u00e9 de la falaise alors qu&rsquo;il s&rsquo;est accroch\u00e9 avant de tomber et est rest\u00e9 cach\u00e9. Il avait v\u00eatu Arnaud de la m\u00eame fa\u00e7on que lui, et avait jet\u00e9 son corps en contrebas avant l&rsquo;arriv\u00e9e des filles. Il raconte aussi son altercation avec Gabriel, qui a essay\u00e9 de le pi\u00e9ger. Il n&rsquo;avait pas l&rsquo;intention de lui faire du mal. Micha\u00ebl lui dit qu&rsquo;il risque 30 ans de prison. Joseph est d\u00e9vast\u00e9. Comment va-t-il faire pour aider ses parents\u00a0? Simon lui explique que l&rsquo;aide sociale prendra en charge une partie des frais et qu&rsquo;ils vont initier une demande d&rsquo;aide sp\u00e9cifique. Mais Joseph ne peut cacher son d\u00e9sarroi\u2026<\/p>\n<p>                        Demain nous appartient en avance : Martial ment \u00e0 Soizic et Fran\u00e7ois<\/p>\n<p>Au matin, Soizic constate qu&rsquo;Adam a la gueule le bois. Martial arrive et lui propose l&rsquo;accompagner le soir au vernissage d&rsquo;une exposition photo \u00e0 Montpellier. Adam est fatigu\u00e9 mais Soizic l&rsquo;encourage \u00e0 prendre l&rsquo;air. Adam grille tout de suite que Martial ment sur la soir\u00e9e. Alors que Fran\u00e7ois d\u00e9jeune avec Martial au Spoon, il se renseigne sur cette histoire de vernissage. Malgr\u00e9 ses doutes, il le remercie de lui remonter le moral d&rsquo;Adam mais lui rappelle qu&rsquo;il a \u00e9cole le lendemain. Le soir venu, Adam s&rsquo;est habill\u00e9 et parfum\u00e9 pour sa sortie. Fran\u00e7ois dit \u00e0 Soizic qu&rsquo;il pense que ce vernissage est une couverture et qu&rsquo;il est probable qu&rsquo;ils sont en route pour faire la tourn\u00e9e des bars. De fait, Martial retrouve Adam dans une voiture de luxe et ils vont \u00e0 l&rsquo;inauguration d&rsquo;un club select.<\/p>\n<p>Demain nous appartient en avance : Manon fait une crise de jalousie \u00e0 Nordine<\/p>\n<p>La planque qu&rsquo;ont men\u00e9e Nordine et Aurore n&rsquo;a rien donn\u00e9. Fatigu\u00e9 de sa nuit, Nordine a tr\u00e8s mal \u00e0 la t\u00eate. Soudain, il se met \u00e0 sourire en recevant un texto. Il a command\u00e9 un cadeau \u00e0 Manon et a re\u00e7u l&rsquo;aide d&rsquo;une myst\u00e9rieuse Eva. Karim veut en savoir plus. C&rsquo;est juste une employ\u00e9e du service apr\u00e8s-vente qui vient de lui r\u00e9exp\u00e9dier le colis. Manon est soulag\u00e9e que l&rsquo;affaire soit boucl\u00e9e m\u00eame si elle perd son sourire d\u00e8s qu&rsquo;elle pense \u00e0 cette fameuse Eva dont Nordine ne cesse de parler. Elle devine \u00e0 la t\u00eate de Roxane qu&rsquo;elle sait quelque chose et la pousse \u00e0 parler. Elle finit par lui dire qu&rsquo;elle a surpris Nordine au t\u00e9l\u00e9phone avec cette femme et qu&rsquo;il s&rsquo;\u00e9loignait pour parler. Et ils doivent se voir mardi. Manon est tr\u00e8s \u00e9nerv\u00e9e. Roxane lui conseille de parler \u00e0 Nordine avant de s&#8217;emporter. Rat\u00e9, Manon m\u00e8ne la vie dure \u00e0 Nordine qui tente de lui parler. Elle lui dit qu&rsquo;elle au courant pour son rendez-vous avec Eva. Il lui jure qu&rsquo;il n&rsquo;y a pas de date. Il lui raconte la v\u00e9rit\u00e9 mais elle ne le croit pas.<\/p>\n<p>            Demain nous appartient en avance : Victimes de violentes douleurs \u00e0 la t\u00eate Nordine et Aurore s&rsquo;effondrent au sol<\/p>\n<p>Au m\u00eame moment, \u00e0 deux endroits diff\u00e9rents, dans la rue o\u00f9 il se dispute avec Manon, et dans le bureau de Martin, o\u00f9 elle raconte sa planque, Nordine et Aurore sont pris de violents maux de t\u00eate et perdent connaissance.<\/p>\n","protected":false},"excerpt":{"rendered":"Jeudi 17\u00a0avril 2025 dans Demain nous appartient, qu&rsquo;a quitt\u00e9 Gr\u00e9goire Champion (Timoth\u00e9e) et qui va accueillir Paul Belmondo&#8230;&hellip;\n","protected":false},"author":2,"featured_media":30850,"comment_status":"","ping_status":"","sticky":false,"template":"","format":"standard","meta":{"footnotes":""},"categories":[1356],"tags":[244,3598,5247,58,10590,59,1011,27,5249,5248,5246,5389,252,199,5251,1364],"class_list":{"0":"post-30849","1":"post","2":"type-post","3":"status-publish","4":"format-standard","5":"has-post-thumbnail","7":"category-television","8":"tag-commentaire","9":"tag-demain-nous-appartient","10":"tag-demain-nous-appartient-en-avance","11":"tag-divertissement","12":"tag-dna","13":"tag-entertainment","14":"tag-fr","15":"tag-france","16":"tag-mytf1-max","17":"tag-ru00e9sumu00e9-demain-nous-appartient","18":"tag-ru00e9sumu00e9-en-avance-demain-nous-appartient","19":"tag-su00e9rie","20":"tag-television","21":"tag-tf1","22":"tag-tu00e9lu00e9-loisirs","23":"tag-tv"},"share_on_mastodon":{"url":"https:\/\/pubeurope.com\/@fr\/114351546429478042","error":""},"_links":{"self":[{"href":"https:\/\/www.europesays.com\/fr\/wp-json\/wp\/v2\/posts\/30849","targetHints":{"allow":["GET"]}}],"collection":[{"href":"https:\/\/www.europesays.com\/fr\/wp-json\/wp\/v2\/posts"}],"about":[{"href":"https:\/\/www.europesays.com\/fr\/wp-json\/wp\/v2\/types\/post"}],"author":[{"embeddable":true,"href":"https:\/\/www.europesays.com\/fr\/wp-json\/wp\/v2\/users\/2"}],"replies":[{"embeddable":true,"href":"https:\/\/www.europesays.com\/fr\/wp-json\/wp\/v2\/comments?post=30849"}],"version-history":[{"count":0,"href":"https:\/\/www.europesays.com\/fr\/wp-json\/wp\/v2\/posts\/30849\/revisions"}],"wp:featuredmedia":[{"embeddable":true,"href":"https:\/\/www.europesays.com\/fr\/wp-json\/wp\/v2\/media\/30850"}],"wp:attachment":[{"href":"https:\/\/www.europesays.com\/fr\/wp-json\/wp\/v2\/media?parent=30849"}],"wp:term":[{"taxonomy":"category","embeddable":true,"href":"https:\/\/www.europesays.com\/fr\/wp-json\/wp\/v2\/categories?post=30849"},{"taxonomy":"post_tag","embeddable":true,"href":"https:\/\/www.europesays.com\/fr\/wp-json\/wp\/v2\/tags?post=30849"}],"curies":[{"name":"wp","href":"https:\/\/api.w.org\/{rel}","templated":true}]}}