{"id":308490,"date":"2025-08-10T01:49:17","date_gmt":"2025-08-10T01:49:17","guid":{"rendered":"https:\/\/www.europesays.com\/fr\/308490\/"},"modified":"2025-08-10T01:49:17","modified_gmt":"2025-08-10T01:49:17","slug":"le-nouveau-litige-a-propos-des-biens-immobiliers-francais","status":"publish","type":"post","link":"https:\/\/www.europesays.com\/fr\/308490\/","title":{"rendered":"le nouveau litige \u00e0 propos des biens immobiliers fran\u00e7ais"},"content":{"rendered":"<p>                         <img loading=\"lazy\" decoding=\"async\" src=\"https:\/\/www.europesays.com\/fr\/wp-content\/uploads\/2025\/08\/bb829e0_upload-1-uepjjqs1y6gh-gettyimages-1759837539.jpg\" alt=\"Entr\u00e9e de l\u2019ambassade de France \u00e0 Alger, le 27\u00a0septembre 2023. \"   width=\"664\" height=\"443\"\/>    Entr\u00e9e de l\u2019ambassade de France \u00e0 Alger, le 27\u00a0septembre 2023.  BRUNO MALFONDET\/GETTY IMAGES                 <\/p>\n<p class=\"article__paragraph  \">La menace planait depuis plusieurs mois d\u00e9j\u00e0. Elle est d\u00e9sormais mise \u00e0 ex\u00e9cution alors que la crise entre la France et l\u2019Alg\u00e9rie \u2013 en cours depuis un an \u2013 a rebondi \u00e0 la suite de la publication, le 6\u00a0ao\u00fbt, d\u2019une lettre d\u2019Emmanuel Macron demandant au gouvernement de Fran\u00e7ois Bayrou de faire preuve de \u00ab\u00a0plus de fermet\u00e9\u00a0\u00bb vis-\u00e0-vis d\u2019Alger. En guise de r\u00e9ponse, les autorit\u00e9s alg\u00e9riennes exhument le dossier des \u00ab\u00a0avantages\u00a0\u00bb dont le r\u00e9seau diplomatique fran\u00e7ais en Alg\u00e9rie b\u00e9n\u00e9ficie, \u00e0 leurs yeux, en mati\u00e8re immobili\u00e8re. Le minist\u00e8re des affaires \u00e9trang\u00e8res alg\u00e9rien a annonc\u00e9, jeudi 7\u00a0ao\u00fbt, sa d\u00e9cision de \u00ab\u00a0mettre fin \u00e0 la mise \u00e0 disposition \u00e0 titre gracieux de biens immobiliers appartenant \u00e0 l\u2019Etat alg\u00e9rien au profit de l\u2019ambassade de France en Alg\u00e9rie\u00a0\u00bb.<\/p>\n<p class=\"article__paragraph  \">Une seconde mesure prise par Alger est la \u00ab\u00a0d\u00e9nonciation\u00a0\u00bb de l\u2019accord bilat\u00e9ral de 2013\u00a0relative \u00e0 l\u2019exemption r\u00e9ciproque des visas pour les d\u00e9tenteurs de passeports diplomatiques. Elle va donc \u00ab\u00a0plus loin\u00a0\u00bb, rel\u00e8ve \u00e0 dessein un communiqu\u00e9 du minist\u00e8re des affaires \u00e9trang\u00e8res, que la \u00ab\u00a0simple suspension\u00a0\u00bb dudit accord notifi\u00e9e par M. Macron dans sa missive \u00e0 M. Bayrou. La surench\u00e8re vise \u00e0 faire savoir que le r\u00e9gime alg\u00e9rien est indiff\u00e9rent \u00e0 la suppression de ces privil\u00e8ges diplomatiques, alors que beaucoup pensaient, en France, en particulier dans l\u2019entourage du ministre de l\u2019int\u00e9rieur, Bruno Retailleau, qu\u2019elle d\u00e9stabiliserait une nomenklatura alg\u00e9rienne pr\u00e9tendument friande de visites priv\u00e9es sur le sol fran\u00e7ais.<\/p>\n<p class=\"reading-mode-only \"><strong>Il vous reste 71.52% de cet article \u00e0 lire. La suite est r\u00e9serv\u00e9e aux abonn\u00e9s.<\/strong><\/p>\n","protected":false},"excerpt":{"rendered":"Entr\u00e9e de l\u2019ambassade de France \u00e0 Alger, le 27\u00a0septembre 2023. BRUNO MALFONDET\/GETTY IMAGES La menace planait depuis plusieurs&hellip;\n","protected":false},"author":2,"featured_media":308491,"comment_status":"","ping_status":"","sticky":false,"template":"","format":"standard","meta":{"footnotes":""},"categories":[1888],"tags":[1111,1928,11,1927,1777,674,1011,27,12,1926,626,1925,25],"class_list":{"0":"post-308490","1":"post","2":"type-post","3":"status-publish","4":"format-standard","5":"has-post-thumbnail","7":"category-paris","8":"tag-actu","9":"tag-actu-paris","10":"tag-actualites","11":"tag-actualites-paris","12":"tag-eu","13":"tag-europe","14":"tag-fr","15":"tag-france","16":"tag-news","17":"tag-news-paris","18":"tag-paris","19":"tag-paris-news","20":"tag-republique-francaise"},"share_on_mastodon":{"url":"https:\/\/pubeurope.com\/@fr\/115001960973923645","error":""},"_links":{"self":[{"href":"https:\/\/www.europesays.com\/fr\/wp-json\/wp\/v2\/posts\/308490","targetHints":{"allow":["GET"]}}],"collection":[{"href":"https:\/\/www.europesays.com\/fr\/wp-json\/wp\/v2\/posts"}],"about":[{"href":"https:\/\/www.europesays.com\/fr\/wp-json\/wp\/v2\/types\/post"}],"author":[{"embeddable":true,"href":"https:\/\/www.europesays.com\/fr\/wp-json\/wp\/v2\/users\/2"}],"replies":[{"embeddable":true,"href":"https:\/\/www.europesays.com\/fr\/wp-json\/wp\/v2\/comments?post=308490"}],"version-history":[{"count":0,"href":"https:\/\/www.europesays.com\/fr\/wp-json\/wp\/v2\/posts\/308490\/revisions"}],"wp:featuredmedia":[{"embeddable":true,"href":"https:\/\/www.europesays.com\/fr\/wp-json\/wp\/v2\/media\/308491"}],"wp:attachment":[{"href":"https:\/\/www.europesays.com\/fr\/wp-json\/wp\/v2\/media?parent=308490"}],"wp:term":[{"taxonomy":"category","embeddable":true,"href":"https:\/\/www.europesays.com\/fr\/wp-json\/wp\/v2\/categories?post=308490"},{"taxonomy":"post_tag","embeddable":true,"href":"https:\/\/www.europesays.com\/fr\/wp-json\/wp\/v2\/tags?post=308490"}],"curies":[{"name":"wp","href":"https:\/\/api.w.org\/{rel}","templated":true}]}}