{"id":308496,"date":"2025-08-10T01:52:13","date_gmt":"2025-08-10T01:52:13","guid":{"rendered":"https:\/\/www.europesays.com\/fr\/308496\/"},"modified":"2025-08-10T01:52:13","modified_gmt":"2025-08-10T01:52:13","slug":"psg-zabarnyi-arrivee-retardee-a-paris-transferts","status":"publish","type":"post","link":"https:\/\/www.europesays.com\/fr\/308496\/","title":{"rendered":"PSG : Zabarnyi, arriv\u00e9e retard\u00e9e \u00e0 Paris &#8211; Transferts"},"content":{"rendered":"<p>Le Paris Saint-Germain va devoir patienter encore un peu avant de voir<strong> Illya Zabarnyi<\/strong> poser ses valises dans la capitale. Alors qu\u2019un accord total a \u00e9t\u00e9 trouv\u00e9 avec Bournemouth pour un transfert \u00e0 63 M\u20ac + 3 M\u20ac de bonus, tous les documents n\u2019ont pas encore \u00e9t\u00e9 sign\u00e9s par le club anglais. Cette formalit\u00e9 administrative retarde le voyage du d\u00e9fenseur ukrainien, laiss\u00e9 au repos ce samedi, vers Paris dont les derni\u00e8res informations laissaient entendre une arriv\u00e9e dans la soir\u00e9e.<\/p>\n<p>Initialement attendu pour une journ\u00e9e anim\u00e9e ce lundi afin de passer sa visite m\u00e9dicale et signer son contrat de cinq ans, Zabarnyi devra attendre que toutes les pi\u00e8ces soient valid\u00e9es avant de prendre l\u2019avion, nous apprend le quotidien L&rsquo;Equipe. \u00c2g\u00e9 de 22 ans, international \u00e0 plus de 30 s\u00e9lections, l\u2019ancien joueur du Dynamo Kiev et de Bournemouth est dans les plans de Luis Enrique pour la Supercoupe d\u2019Europe face \u00e0 Tottenham.<\/p>\n<p>\u00a0<\/p>\n","protected":false},"excerpt":{"rendered":"Le Paris Saint-Germain va devoir patienter encore un peu avant de voir Illya Zabarnyi poser ses valises dans&hellip;\n","protected":false},"author":2,"featured_media":308497,"comment_status":"","ping_status":"","sticky":false,"template":"","format":"standard","meta":{"footnotes":""},"categories":[1888],"tags":[11,9237,44862,1777,674,1011,27,12,626,471,25,44861,44863,3333,3387,22241,29675],"class_list":{"0":"post-308496","1":"post","2":"type-post","3":"status-publish","4":"format-standard","5":"has-post-thumbnail","7":"category-paris","8":"tag-actualites","9":"tag-arrivee","10":"tag-documents","11":"tag-eu","12":"tag-europe","13":"tag-fr","14":"tag-france","15":"tag-news","16":"tag-paris","17":"tag-pour","18":"tag-republique-francaise","19":"tag-retardee","20":"tag-signes","21":"tag-sont","22":"tag-tous","23":"tag-ukrainien","24":"tag-zabarnyi"},"share_on_mastodon":{"url":"https:\/\/pubeurope.com\/@fr\/115001972725502773","error":""},"_links":{"self":[{"href":"https:\/\/www.europesays.com\/fr\/wp-json\/wp\/v2\/posts\/308496","targetHints":{"allow":["GET"]}}],"collection":[{"href":"https:\/\/www.europesays.com\/fr\/wp-json\/wp\/v2\/posts"}],"about":[{"href":"https:\/\/www.europesays.com\/fr\/wp-json\/wp\/v2\/types\/post"}],"author":[{"embeddable":true,"href":"https:\/\/www.europesays.com\/fr\/wp-json\/wp\/v2\/users\/2"}],"replies":[{"embeddable":true,"href":"https:\/\/www.europesays.com\/fr\/wp-json\/wp\/v2\/comments?post=308496"}],"version-history":[{"count":0,"href":"https:\/\/www.europesays.com\/fr\/wp-json\/wp\/v2\/posts\/308496\/revisions"}],"wp:featuredmedia":[{"embeddable":true,"href":"https:\/\/www.europesays.com\/fr\/wp-json\/wp\/v2\/media\/308497"}],"wp:attachment":[{"href":"https:\/\/www.europesays.com\/fr\/wp-json\/wp\/v2\/media?parent=308496"}],"wp:term":[{"taxonomy":"category","embeddable":true,"href":"https:\/\/www.europesays.com\/fr\/wp-json\/wp\/v2\/categories?post=308496"},{"taxonomy":"post_tag","embeddable":true,"href":"https:\/\/www.europesays.com\/fr\/wp-json\/wp\/v2\/tags?post=308496"}],"curies":[{"name":"wp","href":"https:\/\/api.w.org\/{rel}","templated":true}]}}