{"id":308502,"date":"2025-08-10T01:55:14","date_gmt":"2025-08-10T01:55:14","guid":{"rendered":"https:\/\/www.europesays.com\/fr\/308502\/"},"modified":"2025-08-10T01:55:14","modified_gmt":"2025-08-10T01:55:14","slug":"mx-des-nations-les-usa-officialisent-les-noms-des-pilotes-qui-porteront-leurs-couleurs-motocross-enduro-supermoto","status":"publish","type":"post","link":"https:\/\/www.europesays.com\/fr\/308502\/","title":{"rendered":"MX des Nations : les USA officialisent les noms des pilotes qui porteront leurs couleurs &#8211; Motocross &#8211; Enduro &#8211; Supermoto"},"content":{"rendered":"<p>Du 3 au 5 octobre prochains, les USA joueront \u00e0 domicile dans le cadre du Motocross des Nations. Pour d\u00e9fendre leurs couleurs face \u00e0 leur public sur la piste d\u2019Ironman, la f\u00e9d\u00e9ration am\u00e9ricaine vient d\u2019annoncer un trio qui se pose d\u2019embl\u00e9e parmi les favoris incontestables du rendez-vous le plus attendu de la saison internationale de motocross.<\/p>\n<p>La derni\u00e8re victoire du team US sur le Motocross des Nations remonte \u00e0 2022. L\u2019\u00e9quipe roulait alors \u00e0 domicile, sur la mythique piste de RedBud. Une performance que la f\u00e9d\u00e9ration US entend bien reproduire le premier week-end d\u2019octobre prochain. Elle vient de lever le voile sur une \u00e9quipe qui semble faite pour gagner.<\/p>\n<p><a href=\"https:\/\/www.europesays.com\/fr\/wp-content\/uploads\/2025\/08\/team-us-mxdn-2025-2.jpg\"><img decoding=\"async\" class=\"lazyload alignnone size-full wp-image-149866\" data-orig-src=\"https:\/\/www.europesays.com\/fr\/wp-content\/uploads\/2025\/08\/team-us-mxdn-2025-2.jpg\" alt=\"\" width=\"1200\" height=\"800\"  data- data-orig-\/><\/a><\/p>\n<p>Chase Sexton et Eli Tomac, d\u00e9j\u00e0 membres de l\u2019\u00e9quipe victorieuse en 2022 et actuellement deux des plus s\u00e9rieux concurrents de Jett Lawrence sur le championnat outdoor, seront associ\u00e9s au redoutable Haiden Deegan, le ma\u00eetre absolu de la classe 250cc outre-Atlantique pour le moment. Trois grands noms du motocross US seront donc au rendez-vous face au reste du monde.<\/p>\n<p>L\u2019an dernier, c\u2019est l\u2019Australie qui \u00e9tait repartie avec le Troph\u00e9e Chamberlain apr\u00e8s le succ\u00e8s des fr\u00e8res Lawrence et de Kyle Webster sur la spectaculaire piste de Matterley Basin, en Grande-Bretagne.<\/p>\n","protected":false},"excerpt":{"rendered":"Du 3 au 5 octobre prochains, les USA joueront \u00e0 domicile dans le cadre du Motocross des Nations.&hellip;\n","protected":false},"author":2,"featured_media":308503,"comment_status":"","ping_status":"","sticky":false,"template":"","format":"standard","meta":{"footnotes":""},"categories":[1589],"tags":[11,73,1866,12,1864,1865,1863,308],"class_list":{"0":"post-308502","1":"post","2":"type-post","3":"status-publish","4":"format-standard","5":"has-post-thumbnail","7":"category-etats-unis","8":"tag-actualites","9":"tag-etats-unis","10":"tag-etats-unis-damerique","11":"tag-news","12":"tag-united-states","13":"tag-united-states-of-america","14":"tag-us","15":"tag-usa"},"share_on_mastodon":{"url":"https:\/\/pubeurope.com\/@fr\/115001984507094973","error":""},"_links":{"self":[{"href":"https:\/\/www.europesays.com\/fr\/wp-json\/wp\/v2\/posts\/308502","targetHints":{"allow":["GET"]}}],"collection":[{"href":"https:\/\/www.europesays.com\/fr\/wp-json\/wp\/v2\/posts"}],"about":[{"href":"https:\/\/www.europesays.com\/fr\/wp-json\/wp\/v2\/types\/post"}],"author":[{"embeddable":true,"href":"https:\/\/www.europesays.com\/fr\/wp-json\/wp\/v2\/users\/2"}],"replies":[{"embeddable":true,"href":"https:\/\/www.europesays.com\/fr\/wp-json\/wp\/v2\/comments?post=308502"}],"version-history":[{"count":0,"href":"https:\/\/www.europesays.com\/fr\/wp-json\/wp\/v2\/posts\/308502\/revisions"}],"wp:featuredmedia":[{"embeddable":true,"href":"https:\/\/www.europesays.com\/fr\/wp-json\/wp\/v2\/media\/308503"}],"wp:attachment":[{"href":"https:\/\/www.europesays.com\/fr\/wp-json\/wp\/v2\/media?parent=308502"}],"wp:term":[{"taxonomy":"category","embeddable":true,"href":"https:\/\/www.europesays.com\/fr\/wp-json\/wp\/v2\/categories?post=308502"},{"taxonomy":"post_tag","embeddable":true,"href":"https:\/\/www.europesays.com\/fr\/wp-json\/wp\/v2\/tags?post=308502"}],"curies":[{"name":"wp","href":"https:\/\/api.w.org\/{rel}","templated":true}]}}