{"id":308506,"date":"2025-08-10T01:57:19","date_gmt":"2025-08-10T01:57:19","guid":{"rendered":"https:\/\/www.europesays.com\/fr\/308506\/"},"modified":"2025-08-10T01:57:19","modified_gmt":"2025-08-10T01:57:19","slug":"lallemagne-ne-livrera-plus-darmes-a-israel-pour-perpetuer-le-genocide-a-gaza","status":"publish","type":"post","link":"https:\/\/www.europesays.com\/fr\/308506\/","title":{"rendered":"L\u2019Allemagne ne livrera plus d\u2019armes \u00e0 Isra\u00ebl pour perp\u00e9tuer le g\u00e9nocide \u00e0 Gaza"},"content":{"rendered":"<p>Alors que <a href=\"https:\/\/www.humanite.fr\/monde\/benyamin-netanyahou\/guerre-a-gaza-benjamin-netanyahou-impose-son-projet-doccupation-totale-de-lenclave-palestinienne-malgre-les-appels-a-un-cessez-le-feu\" target=\"_blank\" rel=\"noopener\">Benyamin Netanyahou a annonc\u00e9 jeudi 7\u00a0ao\u00fbt son plan d\u2019occupation totale de Gaza<\/a>, l\u2019un des derniers pays \u00e0 le soutenir inconditionnellement vient de lui infliger en revers. Par la voix de son chancelier, Friedrich Merz, l\u2019Allemagne a en effet a annonc\u00e9 ce vendredi 8\u00a0ao\u00fbt <a href=\"https:\/\/www.humanite.fr\/monde\/gaza\/mensonge-detat-des-armes-francaises-tuent-a-gaza-enquete\" target=\"_blank\" rel=\"noopener\">la suspension de l\u2019exportation des armes<\/a> qu\u2019Isra\u00ebl pourrait utiliser \u00e0 Gaza.<\/p>\n<p>Il devient \u00ab\u00a0de plus en plus difficile de comprendre\u00a0\u00bb en quoi le plan militaire isra\u00e9lien permettrait d\u2019atteindre ses objectifs dans la bande de Gaza et, \u00ab\u00a0dans ces circonstances, <a href=\"https:\/\/www.humanite.fr\/monde\/allemagne\/en-allemagne-friedrich-merz-et-sa-coalition-bien-decides-a-balayer-letat-social\" target=\"_blank\" rel=\"noopener\">le gouvernement allemand<\/a> n\u2019autorise pas, jusqu\u2019\u00e0 nouvel ordre, les exportations d\u2019\u00e9quipements militaires susceptibles d\u2019\u00eatre utilis\u00e9s dans la bande de Gaza\u00a0\u00bb, a d\u00e9clar\u00e9, dans un communiqu\u00e9, le chancelier conservateur.<\/p>\n<p>\u00ab\u00a0Le gouvernement allemand reste profond\u00e9ment inquiet de <a href=\"https:\/\/www.humanite.fr\/monde\/benyamin-netanyahou\/guerre-a-gaza-benjamin-netanyahou-impose-son-projet-doccupation-totale-de-lenclave-palestinienne-malgre-les-appels-a-un-cessez-le-feu\" target=\"_blank\" rel=\"noopener\">la souffrance continue de la population civile dans la bande de Gaza<\/a>, a-t-il ajout\u00e9.\u00a0Avec l\u2019offensive pr\u00e9vue, le gouvernement isra\u00e9lien porte une responsabilit\u00e9 encore plus grande\u00a0\u00bb en ce qui concerne l\u2019aide aux civils dans le territoire palestinien, a-t-il continu\u00e9.<\/p>\n<p>Le chancelier a r\u00e9it\u00e9r\u00e9 son appel en faveur d\u2019un acc\u00e8s complet pour \u00ab\u00a0les organisations de l\u2019ONU et d\u2019autres institutions non gouvernementales\u00a0\u00bb. \u00ab\u00a0Le gouvernement allemand demande instamment au gouvernement isra\u00e9lien de ne pas prendre de nouvelles mesures en vue <a href=\"https:\/\/www.humanite.fr\/monde\/cisjordanie\/cisjordanie-pour-la-premiere-fois-la-france-qualifie-d-actes-de-terrorisme-les-violences-des-colons-israeliens\" target=\"_blank\" rel=\"noopener\">d\u2019annexer la Cisjordanie<\/a>\u00a0\u00bb, a-t-il conclu.<\/p>\n<p>Cette d\u00e9cision marque un changement de cap majeur de la diplomatie allemande, un pays o\u00f9 le soutien inconditionnel aux gouvernements isra\u00e9liens constitue, selon la formule d\u2019Angela Merkel en 2008, une \u00ab\u00a0raison d\u2019\u00c9tat\u00a0\u00bb jusqu\u2019ici incontest\u00e9e en raison de la responsabilit\u00e9 historique de l\u2019Allemagne dans la Shoah.<\/p>\n<p>Ces derni\u00e8res semaines, le chancelier, entr\u00e9 en fonction le 6\u00a0mai dernier, s\u2019\u00e9tait retrouv\u00e9 coinc\u00e9 entre ce dogme et une double pression. Celle de sa propre opinion publique d\u2019abord\u00a0: selon un sondage publi\u00e9 fin juillet par la t\u00e9l\u00e9vision publique ZDF, 80\u00a0% des Allemands d\u00e9sapprouvent <a href=\"https:\/\/www.humanite.fr\/social-et-economie\/armement\/safran-thales-stmicroelectronics-les-syndicats-denoncent-la-complicite-de-lindustrie-francaise-darmement-dans-le-genocide-a-gaza\" target=\"_blank\" rel=\"noopener\">l\u2019action d\u2019Isra\u00ebl \u00e0 Gaza<\/a>, une proportion massive \u00e0 laquelle ont \u00e9t\u00e9 sensibles les alli\u00e9s sociaux-d\u00e9mocrates du chancelier. Celle ensuite de l\u2019\u00e9lan diplomatique cr\u00e9\u00e9 par <a href=\"https:\/\/www.humanite.fr\/monde\/emmanuel-macron\/emmanuel-macron-annonce-que-la-france-va-reconnaitre-un-etat-de-palestine\" target=\"_blank\" rel=\"noopener\">l\u2019annonce, par Emmanuel Macron, de la reconnaissance d\u2019un \u00c9tat de Palestine par la France en septembre prochain<\/a>, lors de l\u2019assembl\u00e9e g\u00e9n\u00e9rale de l\u2019ONU. La Grande-Bretagne, autre poids lourd europ\u00e9en, et le Canada, membre du G7, ont \u00e9galement annonc\u00e9 leur intention, malgr\u00e9 certaines conditions, de reconna\u00eetre un \u00c9tat de Palestine. Friedrich Merz n\u2019en est pas encore \u00e0 rejoindre ce mouvement, mais il n\u2019en est plus \u00e0 son soutien aveugle d\u2019une politique g\u00e9nocidaire. Sa d\u00e9claration contient pourtant une limite\u00a0: les armes allemandes pourraient toujours \u00eatre utilis\u00e9es en Cisjordanie occup\u00e9e, par exemple. L\u2019Allemagne est le deuxi\u00e8me fournisseur d\u2019Isra\u00ebl et repr\u00e9sente 30 % des importations d\u2019armes de Tel-Aviv. Les exportations allemandes comprennent des composants de d\u00e9fense a\u00e9rienne, des munitions et des technologies pour le d\u00e9veloppement d\u2019armes.<\/p>\n<p>Pour une information libre sur la Palestine<\/p>\n<p>Nous avons \u00e9t\u00e9 l\u2019un des premiers m\u00e9dias fran\u00e7ais \u00e0 d\u00e9fendre le droit des Palestiniens \u00e0 disposer d\u2019un \u00c9tat viable dans le respect des r\u00e9solutions de l\u2019ONU. Et nous avons inlassablement d\u00e9fendu la paix au Proche-Orient. Aidez-nous \u00e0 continuer de vous informer sur ce qui se passe l\u00e0-bas. Gr\u00e2ce \u00e0 vos dons.<br \/><a href=\"https:\/\/www.humanite.fr\/lhumanite-cest-vous\" data-type=\"link\" data-id=\"https:\/\/www.humanite.fr\/lhumanite-cest-vous\" target=\"_blank\" rel=\"noopener\">Je veux en savoir plus\u00a0!<\/a><\/p>\n","protected":false},"excerpt":{"rendered":"Alors que Benyamin Netanyahou a annonc\u00e9 jeudi 7\u00a0ao\u00fbt son plan d\u2019occupation totale de Gaza, l\u2019un des derniers pays&hellip;\n","protected":false},"author":2,"featured_media":308507,"comment_status":"","ping_status":"","sticky":false,"template":"","format":"standard","meta":{"footnotes":""},"categories":[1587],"tags":[11,672,952,1804,1805,1803,1777,674,665,1801,19082,15130,16785,12,1802,38090],"class_list":{"0":"post-308506","1":"post","2":"type-post","3":"status-publish","4":"format-standard","5":"has-post-thumbnail","7":"category-allemagne","8":"tag-actualites","9":"tag-allemagne","10":"tag-benyamin-netanyahou","11":"tag-bundesrepublik-deutschland","12":"tag-de","13":"tag-deutschland","14":"tag-eu","15":"tag-europe","16":"tag-gaza","17":"tag-germany","18":"tag-gu00e9nocide","19":"tag-guerre-u00e0-gaza","20":"tag-israu00ebl","21":"tag-news","22":"tag-republique-federale-dallemagne","23":"tag-u00e9tat-de-palestine"},"share_on_mastodon":{"url":"https:\/\/pubeurope.com\/@fr\/115001992478535158","error":""},"_links":{"self":[{"href":"https:\/\/www.europesays.com\/fr\/wp-json\/wp\/v2\/posts\/308506","targetHints":{"allow":["GET"]}}],"collection":[{"href":"https:\/\/www.europesays.com\/fr\/wp-json\/wp\/v2\/posts"}],"about":[{"href":"https:\/\/www.europesays.com\/fr\/wp-json\/wp\/v2\/types\/post"}],"author":[{"embeddable":true,"href":"https:\/\/www.europesays.com\/fr\/wp-json\/wp\/v2\/users\/2"}],"replies":[{"embeddable":true,"href":"https:\/\/www.europesays.com\/fr\/wp-json\/wp\/v2\/comments?post=308506"}],"version-history":[{"count":0,"href":"https:\/\/www.europesays.com\/fr\/wp-json\/wp\/v2\/posts\/308506\/revisions"}],"wp:featuredmedia":[{"embeddable":true,"href":"https:\/\/www.europesays.com\/fr\/wp-json\/wp\/v2\/media\/308507"}],"wp:attachment":[{"href":"https:\/\/www.europesays.com\/fr\/wp-json\/wp\/v2\/media?parent=308506"}],"wp:term":[{"taxonomy":"category","embeddable":true,"href":"https:\/\/www.europesays.com\/fr\/wp-json\/wp\/v2\/categories?post=308506"},{"taxonomy":"post_tag","embeddable":true,"href":"https:\/\/www.europesays.com\/fr\/wp-json\/wp\/v2\/tags?post=308506"}],"curies":[{"name":"wp","href":"https:\/\/api.w.org\/{rel}","templated":true}]}}