{"id":308520,"date":"2025-08-10T02:06:16","date_gmt":"2025-08-10T02:06:16","guid":{"rendered":"https:\/\/www.europesays.com\/fr\/308520\/"},"modified":"2025-08-10T02:06:16","modified_gmt":"2025-08-10T02:06:16","slug":"rinderknech-et-bonzi-soffrent-des-tetes-de-serie-a-cincinnati","status":"publish","type":"post","link":"https:\/\/www.europesays.com\/fr\/308520\/","title":{"rendered":"Rinderknech et Bonzi s&rsquo;offrent des t\u00eates de s\u00e9rie \u00e0 Cincinnati"},"content":{"rendered":"<p>Arthur Rinderknech et Benjamin Bonzi ont battu deux t\u00eates de s\u00e9rie, Casper Ruud et Musetti, ce samedi \u00e0 Cincinnati.<\/p>\n<p class=\"fig-paragraph\">Les Fran\u00e7ais Arthur Rinderknech et Benjamin Bonzi se sont offert deux t\u00eates de s\u00e9rie samedi au 2e tour du Masters 1000 sur dur de Cincinnati: le premier a battu le Norv\u00e9gien Casper Ruud (13e mondial) 6-7 (5\/7), 6-4, 6-2 et le second l&rsquo;Italien Lorenzo Musetti (10e) 5-7, 6-4, 7-6 (7-4). Un peu plus d&rsquo;un mois apr\u00e8s son succ\u00e8s sur Alexander Zverer \u00e0 Wimbledon, Rinderknech, 70e \u00e0 l&rsquo;ATP, a ajout\u00e9 un autre grand nom du circuit \u00e0 son palmar\u00e8s: le triple finaliste en Grand Chelem et ancien N.2 mondial.<\/p>\n<p class=\"fig-paragraph\">Le Fran\u00e7ais, \u00e2g\u00e9 de 30 ans, avait toujours perdu en cinq confrontations avec le Norv\u00e9gien, mais celui-ci \u00e9tait bon \u00e0 prendre dans l&rsquo;Ohio o\u00f9 il avait d\u00e9j\u00e0 perdu d\u00e8s son entr\u00e9e en lice les trois ann\u00e9es pr\u00e9c\u00e9dentes. Il a remport\u00e9 un combat de 2h37 en s&rsquo;appuyant sur son gros service (13 aces) et sur son jeu au filet (20 points marqu\u00e9s sur 24 mont\u00e9es).<\/p>\n<p>                                    <a class=\"fig-a11y-skip a11y-hidden\" href=\"#fig-a11y-skip-main-inarticle\"><br \/>\n        Passer la publicit\u00e9<br \/>\n    <\/a><\/p>\n<p class=\"fig-paragraph\">Pour participer pour la deuxi\u00e8me fois de sa carri\u00e8re au 8e de finale d&rsquo;un Masters 1000, apr\u00e8s Paris la saison derni\u00e8re, il lui faudra battre le Canadien F\u00e9lix Auger-Aliassime, l&rsquo;ancien 6e mondial descendu \u00e0 la 28e place.<\/p>\n<p class=\"fig-paragraph\">Bonzi, qui avait lui aussi fait sensation sur l&rsquo;herbe du dernier Wimbledon en battant Daniil Medvedev au premier tour, a renvers\u00e9 Lorenzo Musetti apr\u00e8s de 2h49 de jeu.<\/p>\n<p class=\"fig-paragraph\">\u00c0 29 ans, c&rsquo;est la troisi\u00e8me fois de sa carri\u00e8re qu&rsquo;il bat un top 10 apr\u00e8s Casper Ruud en 2024 \u00e0 Metz et donc Medvedev. Le 63e mondial atteint le troisi\u00e8me tour d&rsquo;un Masters 1000 pour la deuxi\u00e8me fois. Pour aller plus loin, il devra battre le vainqueur du match entre le Grec Stefanos Tsitsipas et le Hongrois Fabian Marozsan.<\/p>\n","protected":false},"excerpt":{"rendered":"Arthur Rinderknech et Benjamin Bonzi ont battu deux t\u00eates de s\u00e9rie, Casper Ruud et Musetti, ce samedi \u00e0&hellip;\n","protected":false},"author":2,"featured_media":308521,"comment_status":"","ping_status":"","sticky":false,"template":"","format":"standard","meta":{"footnotes":""},"categories":[1415],"tags":[47,4169,525,1981,4178,4179,1011,27,1114,3996,4177,4176,4174,4175,1980,4171,60,1467,4172,4173,4170],"class_list":{"0":"post-308520","1":"post","2":"type-post","3":"status-publish","4":"format-standard","5":"has-post-thumbnail","7":"category-tennis","8":"tag-actualite","9":"tag-atp","10":"tag-calendrier","11":"tag-classement","12":"tag-coupe-davis","13":"tag-fed-cup","14":"tag-fr","15":"tag-france","16":"tag-infos","17":"tag-jeux-olympiques","18":"tag-masters-1000","19":"tag-masters-500","20":"tag-masters-series","21":"tag-open-daustralie","22":"tag-resultats","23":"tag-roland-garros","24":"tag-sports","25":"tag-tennis","26":"tag-us-open","27":"tag-wimbledon","28":"tag-wta"},"share_on_mastodon":{"url":"https:\/\/pubeurope.com\/@fr\/115002027740055917","error":""},"_links":{"self":[{"href":"https:\/\/www.europesays.com\/fr\/wp-json\/wp\/v2\/posts\/308520","targetHints":{"allow":["GET"]}}],"collection":[{"href":"https:\/\/www.europesays.com\/fr\/wp-json\/wp\/v2\/posts"}],"about":[{"href":"https:\/\/www.europesays.com\/fr\/wp-json\/wp\/v2\/types\/post"}],"author":[{"embeddable":true,"href":"https:\/\/www.europesays.com\/fr\/wp-json\/wp\/v2\/users\/2"}],"replies":[{"embeddable":true,"href":"https:\/\/www.europesays.com\/fr\/wp-json\/wp\/v2\/comments?post=308520"}],"version-history":[{"count":0,"href":"https:\/\/www.europesays.com\/fr\/wp-json\/wp\/v2\/posts\/308520\/revisions"}],"wp:featuredmedia":[{"embeddable":true,"href":"https:\/\/www.europesays.com\/fr\/wp-json\/wp\/v2\/media\/308521"}],"wp:attachment":[{"href":"https:\/\/www.europesays.com\/fr\/wp-json\/wp\/v2\/media?parent=308520"}],"wp:term":[{"taxonomy":"category","embeddable":true,"href":"https:\/\/www.europesays.com\/fr\/wp-json\/wp\/v2\/categories?post=308520"},{"taxonomy":"post_tag","embeddable":true,"href":"https:\/\/www.europesays.com\/fr\/wp-json\/wp\/v2\/tags?post=308520"}],"curies":[{"name":"wp","href":"https:\/\/api.w.org\/{rel}","templated":true}]}}