{"id":308578,"date":"2025-08-10T03:00:33","date_gmt":"2025-08-10T03:00:33","guid":{"rendered":"https:\/\/www.europesays.com\/fr\/308578\/"},"modified":"2025-08-10T03:00:33","modified_gmt":"2025-08-10T03:00:33","slug":"je-me-suis-demande-ce-quon-allait-devenir-si-je-perdais-mon-emploi","status":"publish","type":"post","link":"https:\/\/www.europesays.com\/fr\/308578\/","title":{"rendered":"je me suis demand\u00e9 ce qu&rsquo;on allait devenir si je perdais mon emploi"},"content":{"rendered":"<p class=\"article__intro\">Apr\u00e8s plusieurs jours d\u2019interruption qui ont sem\u00e9 la panique chez les usagers et les salari\u00e9s, le Relais\u00a080 a relanc\u00e9 sa collecte de textile. L\u2019entreprise, fragilis\u00e9e par la baisse de la demande \u00e0 l\u2019\u00e9tranger, b\u00e9n\u00e9ficie d\u2019une majoration de la contribution apport\u00e9e par les enseignes de mode, en attendant une r\u00e9forme de la fili\u00e8re d\u2019ici \u00e0 la fin de l\u2019ann\u00e9e.<\/p>\n<p>\n      L\u2019actu des r\u00e9gions\n    <\/p>\n<p>\n      Chaque jour, un tour d\u2019horizon des principales infos de toutes les r\u00e9gions.\n    <\/p>\n<p>    France T\u00e9l\u00e9visions utilise votre adresse e-mail afin de vous envoyer la newsletter \u00ab\u00a0L\u2019actu des r\u00e9gions\u00a0\u00bb. Vous pouvez vous d\u00e9sinscrire \u00e0 tout moment via le lien en bas de cette newsletter. <a target=\"_blank\" href=\"https:\/\/www.francetelevisions.fr\/groupe\/confidentialite\/politique-de-confidentialite\/politique-de-confidentialite-de-france-televisions-6503\" rel=\"nofollow noopener\">Notre politique de confidentialit\u00e9<\/a><\/p>\n<p>Depuis le 27 juillet, la collecte de v\u00eatements a repris au Relais de l&rsquo;\u00c9toile dans la Somme. Ce retour \u00e0 la normale intervient apr\u00e8s une interruption de plusieurs jours. Elle avait inqui\u00e9t\u00e9 des usagers qui n\u2019ont que cette option pour recycler leur textile.<\/p>\n<\/p>\n<p>Dany Ruhaut est collecteur pour Le Relais. Selon lui, les gens donnent beaucoup dans la r\u00e9gion alors, il \u00e9tait urgent de pouvoir reprendre l&rsquo;activit\u00e9 pour traiter tous ces v\u00eatements\u00a0: \u00ab\u00a0il y en a m\u00eame qui \u00e9taient inquiets parce qu&rsquo;ils ont cru que Le Relais allait fermer et ils ne savaient pas o\u00f9 mettre le linge. Et comme les d\u00e9chetteries n&rsquo;en veulent pas puisqu&rsquo;ils n&rsquo;ont plus le droit d&rsquo;enfouir donc c&rsquo;est bien qu&rsquo;il y ait Le Relais.\u00a0\u00bb<\/p>\n<p><a data-article-figure=\"\" href=\"https:\/\/france3-regions.franceinfo.fr\/image\/bTCwyKmSg32zhs9-Npmsjb-GLxM\/1920x1080\/regions\/2025\/08\/08\/chaine-de-tro-6896185b3b1bd910523127.jpg\" data-pswp-width=\"1920\" data-pswp-height=\"1080\" target=\"_blank\" rel=\"nofollow noopener\"><\/p>\n<p>          <img width=\"600\" height=\"400\" class=\"article-image lazy\" data-src=\"https:\/\/www.europesays.com\/fr\/wp-content\/uploads\/2025\/08\/chaine-de-tro-6896185b3b1bd910523127.jpg\" alt=\"St\u00e9phie travaille sur la ligne de tri du Relais de l'\u00c9toile.\" fetchpriority=\"high\" as=\"image\"\/><\/p>\n<p>\n            St\u00e9phie travaille sur la ligne de tri du Relais de l&rsquo;\u00c9toile.<br \/>\n                           \u2022<br \/>\n                                      \u00a9 Cl\u00e9mence Rousseau \/ FTV\n                      <\/p>\n<p><\/a><\/p>\n<p>Une angoisse qui \u00e9tait aussi partag\u00e9e par les salari\u00e9s, comme St\u00e9phie Vanhessche, trieuse, \u00e0 qui on annon\u00e7ait m\u00eame la fin de l\u2019entreprise durant l\u2019\u00e9t\u00e9\u00a0: \u00ab\u00a0moi, je suis maman c\u00e9libataire de trois enfants dont deux qui sont encore avec moi et je me suis un peu demand\u00e9 ce qu&rsquo;on allait devenir si je finissais par perdre mon emploi donc forc\u00e9ment, \u00e7a a \u00e9t\u00e9 un peu la catastrophe et la panique.\u00a0\u00bb<\/p>\n<p>Si ces gr\u00e8ves ont \u00e9t\u00e9 mises en place, c&rsquo;est parce que Le Relais est en grande difficult\u00e9. Les pays africains et asiatiques ach\u00e8tent de moins et moins cher ces v\u00eatements recycl\u00e9s. La contribution que touchait Le Relais ne permettait plus de compenser ce manque. Le gouvernement a forc\u00e9 les grandes enseignes du textile \u00e0 augmenter leur participation.<\/p>\n<\/p>\n<p>Emmanuel Pilloy, pr\u00e9sident du Relais France se r\u00e9jouit de cette nouvelle\u00a0: \u00ab\u00a0\u00e7a nous permettra une bouff\u00e9e d&rsquo;oxyg\u00e8ne pour les quelques mois qui viennent, mais il est important que cette contribution soit revisit\u00e9e. Et \u00e0 un moment, il faut absolument montrer les choses et montrer que sans Le Relais, c&rsquo;est toute une fili\u00e8re, tout un environnement et tout un impact social qui est pr\u00e9sent aujourd&rsquo;hui qui dispara\u00eetrait.\u00a0\u00bb<\/p>\n<p>Des r\u00e9unions avec le gouvernement sont pr\u00e9vues de septembre \u00e0 d\u00e9cembre pour repenser l\u2019ensemble de cette fili\u00e8re.<\/p>\n<p>Avec Marie Sicaud \/ FTV<\/p>\n","protected":false},"excerpt":{"rendered":"Apr\u00e8s plusieurs jours d\u2019interruption qui ont sem\u00e9 la panique chez les usagers et les salari\u00e9s, le Relais\u00a080 a&hellip;\n","protected":false},"author":2,"featured_media":308579,"comment_status":"","ping_status":"","sticky":false,"template":"","format":"standard","meta":{"footnotes":""},"categories":[1888],"tags":[1111,1928,11,1927,1777,674,1011,27,12,1926,626,1925,25],"class_list":{"0":"post-308578","1":"post","2":"type-post","3":"status-publish","4":"format-standard","5":"has-post-thumbnail","7":"category-paris","8":"tag-actu","9":"tag-actu-paris","10":"tag-actualites","11":"tag-actualites-paris","12":"tag-eu","13":"tag-europe","14":"tag-fr","15":"tag-france","16":"tag-news","17":"tag-news-paris","18":"tag-paris","19":"tag-paris-news","20":"tag-republique-francaise"},"share_on_mastodon":{"url":"https:\/\/pubeurope.com\/@fr\/115002240101747157","error":""},"_links":{"self":[{"href":"https:\/\/www.europesays.com\/fr\/wp-json\/wp\/v2\/posts\/308578","targetHints":{"allow":["GET"]}}],"collection":[{"href":"https:\/\/www.europesays.com\/fr\/wp-json\/wp\/v2\/posts"}],"about":[{"href":"https:\/\/www.europesays.com\/fr\/wp-json\/wp\/v2\/types\/post"}],"author":[{"embeddable":true,"href":"https:\/\/www.europesays.com\/fr\/wp-json\/wp\/v2\/users\/2"}],"replies":[{"embeddable":true,"href":"https:\/\/www.europesays.com\/fr\/wp-json\/wp\/v2\/comments?post=308578"}],"version-history":[{"count":0,"href":"https:\/\/www.europesays.com\/fr\/wp-json\/wp\/v2\/posts\/308578\/revisions"}],"wp:featuredmedia":[{"embeddable":true,"href":"https:\/\/www.europesays.com\/fr\/wp-json\/wp\/v2\/media\/308579"}],"wp:attachment":[{"href":"https:\/\/www.europesays.com\/fr\/wp-json\/wp\/v2\/media?parent=308578"}],"wp:term":[{"taxonomy":"category","embeddable":true,"href":"https:\/\/www.europesays.com\/fr\/wp-json\/wp\/v2\/categories?post=308578"},{"taxonomy":"post_tag","embeddable":true,"href":"https:\/\/www.europesays.com\/fr\/wp-json\/wp\/v2\/tags?post=308578"}],"curies":[{"name":"wp","href":"https:\/\/api.w.org\/{rel}","templated":true}]}}