{"id":308582,"date":"2025-08-10T03:02:21","date_gmt":"2025-08-10T03:02:21","guid":{"rendered":"https:\/\/www.europesays.com\/fr\/308582\/"},"modified":"2025-08-10T03:02:21","modified_gmt":"2025-08-10T03:02:21","slug":"de-faux-messages-envoyes-par-la-police-la-prefecture-alerte-sur-une-arnaque","status":"publish","type":"post","link":"https:\/\/www.europesays.com\/fr\/308582\/","title":{"rendered":"de faux messages envoy\u00e9s par la police, la pr\u00e9fecture alerte sur une arnaque"},"content":{"rendered":"<p>            Par<br \/>\n        <strong><br \/>\n            <a href=\"https:\/\/actu.fr\/auteur\/redaction-paris\" title=\"Consulter tous les articles de R\u00e9daction Paris\" target=\"_blank\" rel=\"noopener\">R\u00e9daction Paris<\/a><br \/>\n        <\/strong><\/p>\n<p>        Publi\u00e9 le<\/p>\n<p>            9 ao\u00fbt 2025 \u00e0 15h56        <\/p>\n<p>Se mettre dans les habits de policiers\u2026 Afin de tromper les habitants. En pleines vacances scolaires, les <strong>logements se vident<\/strong> et les malfaiteurs souhaitent en profiter. \u00c0 <a href=\"https:\/\/actu.fr\/ile-de-france\/neuilly-sur-seine_92051\" target=\"_blank\" rel=\"noopener\">Neuilly-sur-Seine<\/a>, commune ais\u00e9e des Hauts-de-Seine, <strong>l\u2019app\u00e2t du gain<\/strong> a plus d\u2019acuit\u00e9 qu\u2019\u00e0 d\u2019autres endroits. Et les arnaqueurs sont pr\u00eats \u00e0 bondir, comme en t\u00e9moigne un message de vigilance communiqu\u00e9 par la <a href=\"https:\/\/actu.fr\/tag\/prefecture-de-police-de-paris\" target=\"_blank\" rel=\"noopener\">pr\u00e9fecture de Police de Paris<\/a>, vendredi 8\u00a0ao\u00fbt 2025.<\/p>\n<p>\u00ab\u2009Ce message est frauduleux\u2009\u00bb<\/p>\n<p class=\" wall-content\">D\u2019apr\u00e8s les autorit\u00e9s, de faux messages \u00ab\u2009circulent\u2009\u00bb dans la ville. Mais encore\u2009? La pr\u00e9fecture indique que \u00ab\u2009l\u2019exp\u00e9diteur usurpe <strong>l\u2019identit\u00e9 de la police<\/strong>\u2009\u00bb. \u00ab\u2009Ce message est frauduleux\u2009\u00bb, clame-t-elle, enjoignant les personnes ayant re\u00e7u le SMS \u00e0 <strong>ne pas r\u00e9pondre, ni \u00e0 rappeler le num\u00e9ro mentionn\u00e9<\/strong>. \u00ab\u2009En cas de doute\u2009: contacter la police nationale ou municipale\u2009\u00bb, est-il \u00e9crit en guise de conclusion.<\/p>\n<p class=\" wall-content\">\n<p class=\" wall-content\">Dans une <a href=\"https:\/\/www.gendarmerie.interieur.gouv.fr\/gendinfo\/l-info-en-continu\/prevention-escroquerie-mise-en-garde-contre-les-vols-par-ruse\" target=\"_blank\" rel=\"noopener\">note<\/a> rendue en 2023, le minist\u00e8re de l\u2019Int\u00e9rieur rappelait que cette usurpation d\u2019identit\u00e9 pouvait conduire \u00e0 des <strong>vols \u00ab\u00a0\u00e0 la fausse qualit\u00e9<\/strong>\u00ab\u00a0, \u00e0 savoir endosser une fonction li\u00e9e au service public, comme de faux policiers, de faux gendarmes ou encore de faux pompiers. \u00ab\u00a0<strong>Les personnes \u00e2g\u00e9es<\/strong> sont les principales victimes de ces vols par ruse \u00e0 leur domicile, et notamment des vols \u00ab\u00a0\u00e0 la fausse qualit\u00e9\u00a0\u00bb, avertit le gouvernement.<\/p>\n<p class=\" wall-content\">Suivez toute l\u2019actualit\u00e9 de vos villes et m\u00e9dias favoris en vous inscrivant \u00e0 <a href=\"https:\/\/moncompte.actu.fr\" title=\"D\u00e9couvez Mon Actu\" rel=\"nofollow noopener\" data-trk=\"{&quot;cta&quot;:{&quot;action&quot;:&quot;https:\\\/\\\/moncompte.actu.fr&quot;,&quot;category&quot;:&quot;mon compte&quot;,&quot;from&quot;:&quot;article footer&quot;,&quot;name&quot;:&quot;Mon actu&quot;,&quot;type&quot;:&quot;cta&quot;}}\" target=\"_blank\">Mon Actu<\/a>.<\/p>\n","protected":false},"excerpt":{"rendered":"Par R\u00e9daction Paris Publi\u00e9 le 9 ao\u00fbt 2025 \u00e0 15h56 Se mettre dans les habits de policiers\u2026 Afin&hellip;\n","protected":false},"author":2,"featured_media":308583,"comment_status":"","ping_status":"","sticky":false,"template":"","format":"standard","meta":{"footnotes":""},"categories":[1888],"tags":[11,3514,1777,674,1011,27,12,626,1072,1931,25,104],"class_list":{"0":"post-308582","1":"post","2":"type-post","3":"status-publish","4":"format-standard","5":"has-post-thumbnail","7":"category-paris","8":"tag-actualites","9":"tag-arnaque","10":"tag-eu","11":"tag-europe","12":"tag-fr","13":"tag-france","14":"tag-news","15":"tag-paris","16":"tag-police","17":"tag-prefecture-de-police-de-paris","18":"tag-republique-francaise","19":"tag-societe"},"share_on_mastodon":{"url":"https:\/\/pubeurope.com\/@fr\/115002248102368949","error":""},"_links":{"self":[{"href":"https:\/\/www.europesays.com\/fr\/wp-json\/wp\/v2\/posts\/308582","targetHints":{"allow":["GET"]}}],"collection":[{"href":"https:\/\/www.europesays.com\/fr\/wp-json\/wp\/v2\/posts"}],"about":[{"href":"https:\/\/www.europesays.com\/fr\/wp-json\/wp\/v2\/types\/post"}],"author":[{"embeddable":true,"href":"https:\/\/www.europesays.com\/fr\/wp-json\/wp\/v2\/users\/2"}],"replies":[{"embeddable":true,"href":"https:\/\/www.europesays.com\/fr\/wp-json\/wp\/v2\/comments?post=308582"}],"version-history":[{"count":0,"href":"https:\/\/www.europesays.com\/fr\/wp-json\/wp\/v2\/posts\/308582\/revisions"}],"wp:featuredmedia":[{"embeddable":true,"href":"https:\/\/www.europesays.com\/fr\/wp-json\/wp\/v2\/media\/308583"}],"wp:attachment":[{"href":"https:\/\/www.europesays.com\/fr\/wp-json\/wp\/v2\/media?parent=308582"}],"wp:term":[{"taxonomy":"category","embeddable":true,"href":"https:\/\/www.europesays.com\/fr\/wp-json\/wp\/v2\/categories?post=308582"},{"taxonomy":"post_tag","embeddable":true,"href":"https:\/\/www.europesays.com\/fr\/wp-json\/wp\/v2\/tags?post=308582"}],"curies":[{"name":"wp","href":"https:\/\/api.w.org\/{rel}","templated":true}]}}