{"id":308586,"date":"2025-08-10T03:04:20","date_gmt":"2025-08-10T03:04:20","guid":{"rendered":"https:\/\/www.europesays.com\/fr\/308586\/"},"modified":"2025-08-10T03:04:20","modified_gmt":"2025-08-10T03:04:20","slug":"guerre-en-ukraine-un-trafic-denfants-orchestre-par-la-russie-denonce-par-une-ong-actualites","status":"publish","type":"post","link":"https:\/\/www.europesays.com\/fr\/308586\/","title":{"rendered":"Guerre en Ukraine : un trafic d&rsquo;enfants orchestr\u00e9 par la Russie d\u00e9nonc\u00e9 par une ONG : Actualit\u00e9s"},"content":{"rendered":"<p class=\"lead \"><strong>Une ONG accuse la Russie d\u2019orchestrer un v\u00e9ritable march\u00e9 en ligne d\u2019enfants ukrainiens, soigneusement tri\u00e9s et d\u00e9crits comme des produits \u00e0 adopter. Cette pratique employ\u00e9e suppos\u00e9ment par les autorit\u00e9s d&rsquo;occupation russes install\u00e9es dans la r\u00e9gion ukrainienne de Louhansk ne serait pas r\u00e9cente.<\/strong><\/p>\n<p class=\"lead \">Alors que la guerre entre la Russie et l&rsquo;Ukraine se poursuit depuis plus de trois ans, bon nombre d\u2019ONG ne cessent de d\u00e9noncer les crimes perp\u00e9tr\u00e9s dans ce conflit rythm\u00e9 par des affrontements r\u00e9guliers. L\u2019un de ces organismes, Save Ukraine, a r\u00e9v\u00e9l\u00e9 sur le r\u00e9seau social X, l&rsquo;existence d\u2019un \u201ctrafic d&rsquo;enfants sponsoris\u00e9 par l&rsquo;\u00c9tat\u00a0\u00bb.<\/p>\n<p class=\"lead \">L\u2019ONG d\u00e9signe directement la Russie pour sa cr\u00e9ation d\u2019un \u00ab\u00a0catalogue en ligne\u00a0\u00bb dans lequel seraient r\u00e9pertori\u00e9s 294 enfants entre 0 et 17 ans vol\u00e9s en Ukraine et offerts \u00e0 l&rsquo;adoption \u00e0 des familles russes, <a href=\"https:\/\/www.tf1info.fr\/international\/filtrables-triables-selectionnables-des-enfants-enleves-en-ukraine-offerts-a-l-adoption-sur-un-catalogue-en-ligne-russe-2387853.html\" target=\"_blank\" rel=\"nofollow noopener\">comme l\u2019indique TF1 info<\/a>.<\/p>\n<p class=\"lead \">D\u2019apr\u00e8s <a href=\"https:\/\/fr.euronews.com\/2025\/08\/09\/le-marche-des-enfants-voles-la-russie-cree-un-catalogue-denfants-ukrainiens-a-adopter\" target=\"_blank\" rel=\"nofollow noopener\">des informations d\u2019Euronews<\/a>, les enfants sont tri\u00e9s et cat\u00e9goris\u00e9s de mani\u00e8re \u00e0 ce que les utilisateurs puissent les \u00ab\u00a0filtrer\u00a0\u00bb en fonction de leur \u00e2ge, sexe et caract\u00e9ristiques physiques telles que la couleur des cheveux ou des yeux.<\/p>\n<p class=\"lead \">Les traits de caract\u00e8re des enfants seraient m\u00eame parfois d\u00e9crits, toujours selon Euronews, avec des adjectifs tels que \u00ab\u00a0ob\u00e9issants\u00a0\u00bb ou \u00ab\u00a0calmes\u00a0\u00bb. D\u2019autres encore sont r\u00e9pertori\u00e9s comme \u00ab\u00a0polis et respectueux envers les adultes\u00a0\u00bb, \u00ab\u00a0disciplin\u00e9s\u00a0\u00bb, \u00ab\u00a0non-conflictuels\u00a0\u00bb ou \u00ab\u00a0capables d&rsquo;ex\u00e9cuter des t\u00e2ches\u00a0\u00bb.<\/p>\n<p>                                                                                                Une pratique loin d&rsquo;\u00eatre nouvelle de la part des autorit\u00e9s russes<\/p>\n<p class=\"lead \">D&rsquo;apr\u00e8s <a href=\"https:\/\/www.tf1info.fr\/international\/filtrables-triables-selectionnables-des-enfants-enleves-en-ukraine-offerts-a-l-adoption-sur-un-catalogue-en-ligne-russe-2387853.html\" target=\"_blank\" rel=\"nofollow noopener\">des informations de TF1 info<\/a>, le catalogue en question aurait \u00e9t\u00e9 cr\u00e9\u00e9 par les autorit\u00e9s d&rsquo;occupation russes de Louhansk, r\u00e9gion ukrainienne occup\u00e9e depuis 2014 et reconnue comme annex\u00e9e par la Russie en septembre 2022.Le Figaro, de son c\u00f4t\u00e9, assure que certains de ses journalistes ont eu acc\u00e8s \u00e0 une boucle Telegram pr\u00e9sent\u00e9e comme \u00e9tant celle du minist\u00e8re de l\u2019\u00c9ducation et des Sciences de la R\u00e9publique populaire de Louhansk.<\/p>\n<p class=\"lead \">Ces pistes et donn\u00e9es ont fait surface suite \u00e0 <a href=\"https:\/\/x.com\/MykolaKuleba\/status\/1953507503695688126\" target=\"_blank\" rel=\"nofollow\">l\u2019appel de l\u2019ONG Save Ukraine sur X<\/a>. Le directeur g\u00e9n\u00e9ral de l\u2019organisme, Mykola Kuleba, a d\u2019ailleurs expliqu\u00e9 dans une vid\u00e9o publi\u00e9e le 7 ao\u00fbt sur ce m\u00eame r\u00e9seau, que \u201cce n&rsquo;est pas une nouvelle tactique. Depuis 2014, des enfants ukrainiens apparaissent dans les bases de donn\u00e9es d&rsquo;adoption russes. Cependant, depuis 2022, la pratique s&rsquo;est g\u00e9n\u00e9ralis\u00e9e et est devenue syst\u00e9matique\u00a0\u00bb.<\/p>\n<p class=\"lead \">[EMBED url=\u00a0\u00bb<\/p>\n<p>\u00ab\u00a0]<\/p>\n<p class=\"lead \">Russia isn\u2019t even trying to hide it anymore. It\u2019s openly trafficking Ukrainian children.<\/p>\n<p class=\"lead \">On official platforms, Ukrainian orphans are displayed like products in an online marketplace.<\/p>\n<p class=\"lead \">Full-face photos. Age. Eye color. Health status. Even \u201cobedience level.\u201d Filterable. Sortable.\u2026 <a href=\"https:\/\/t.co\/SYcRxlx0JD\" target=\"_blank\" rel=\"nofollow\">pic.twitter.com\/SYcRxlx0JD<\/a>\u2014 Mykola Kuleba (@MykolaKuleba) <a href=\"https:\/\/twitter.com\/MykolaKuleba\/status\/1953507503695688126?ref_src=twsrc%5Etfw\" target=\"_blank\" rel=\"nofollow noopener\">August 7, 2025<\/a><\/p>\n<p class=\"lead \">Sur cette m\u00eame vid\u00e9o, Mykola Kuleba d\u00e9clare qu&rsquo;\u00e0 l&rsquo;origine, les autorit\u00e9s russes ont tent\u00e9 de brouiller les pistes, en fermant les registres et en effa\u00e7ant les r\u00e9f\u00e9rences, mais \u00ab\u00a0maintenant, il n&rsquo;y a plus de faux-semblant\u00a0\u00bb.<\/p>\n<p class=\"lead \">\u00ab\u00a0La Russie n&rsquo;essaie m\u00eame plus de le cacher. Les orphelins ukrainiens sont expos\u00e9s comme des produits sur un march\u00e9 en ligne\u00a0\u00bb, d\u00e9plore Mykola Kuleba qui assure aussi que \u00ab\u00a0les parents de certains d&rsquo;entre eux ont \u00e9t\u00e9 tu\u00e9s par les autorit\u00e9s d&rsquo;occupation, d&rsquo;autres ont simplement re\u00e7u des documents d&rsquo;identit\u00e9 russes pour l\u00e9gitimer leur enl\u00e8vement.\u00a0\u00bb<\/p>\n<p class=\"small font-weight-bold text-gray3 \"> publi\u00e9 le 9 ao\u00fbt \u00e0 22h30, Axel Juin, 6M\u00e9dias<\/p>\n<p>                             Partager<\/p>\n<p>                                    <script async src=\"https:\/\/platform.twitter.com\/widgets.js\" charset=\"utf-8\"><\/script><\/p>\n","protected":false},"excerpt":{"rendered":"Une ONG accuse la Russie d\u2019orchestrer un v\u00e9ritable march\u00e9 en ligne d\u2019enfants ukrainiens, soigneusement tri\u00e9s et d\u00e9crits comme&hellip;\n","protected":false},"author":2,"featured_media":308587,"comment_status":"","ping_status":"","sticky":false,"template":"","format":"standard","meta":{"footnotes":""},"categories":[1591],"tags":[11,1887,12,1885,1886,132],"class_list":{"0":"post-308586","1":"post","2":"type-post","3":"status-publish","4":"format-standard","5":"has-post-thumbnail","7":"category-russie","8":"tag-actualites","9":"tag-federation-de-russie","10":"tag-news","11":"tag-russia","12":"tag-russian-federation","13":"tag-russie"},"share_on_mastodon":{"url":"https:\/\/pubeurope.com\/@fr\/115002255873873233","error":""},"_links":{"self":[{"href":"https:\/\/www.europesays.com\/fr\/wp-json\/wp\/v2\/posts\/308586","targetHints":{"allow":["GET"]}}],"collection":[{"href":"https:\/\/www.europesays.com\/fr\/wp-json\/wp\/v2\/posts"}],"about":[{"href":"https:\/\/www.europesays.com\/fr\/wp-json\/wp\/v2\/types\/post"}],"author":[{"embeddable":true,"href":"https:\/\/www.europesays.com\/fr\/wp-json\/wp\/v2\/users\/2"}],"replies":[{"embeddable":true,"href":"https:\/\/www.europesays.com\/fr\/wp-json\/wp\/v2\/comments?post=308586"}],"version-history":[{"count":0,"href":"https:\/\/www.europesays.com\/fr\/wp-json\/wp\/v2\/posts\/308586\/revisions"}],"wp:featuredmedia":[{"embeddable":true,"href":"https:\/\/www.europesays.com\/fr\/wp-json\/wp\/v2\/media\/308587"}],"wp:attachment":[{"href":"https:\/\/www.europesays.com\/fr\/wp-json\/wp\/v2\/media?parent=308586"}],"wp:term":[{"taxonomy":"category","embeddable":true,"href":"https:\/\/www.europesays.com\/fr\/wp-json\/wp\/v2\/categories?post=308586"},{"taxonomy":"post_tag","embeddable":true,"href":"https:\/\/www.europesays.com\/fr\/wp-json\/wp\/v2\/tags?post=308586"}],"curies":[{"name":"wp","href":"https:\/\/api.w.org\/{rel}","templated":true}]}}