{"id":308590,"date":"2025-08-10T03:06:21","date_gmt":"2025-08-10T03:06:21","guid":{"rendered":"https:\/\/www.europesays.com\/fr\/308590\/"},"modified":"2025-08-10T03:06:21","modified_gmt":"2025-08-10T03:06:21","slug":"etats-unis-50-de-taxes-douanieres-sur-les-produits-bresiliens-une-decision-a-portee-politique","status":"publish","type":"post","link":"https:\/\/www.europesays.com\/fr\/308590\/","title":{"rendered":"\u00c9tats-Unis : 50 % de taxes douani\u00e8res sur les produits br\u00e9siliens, une d\u00e9cision \u00e0 port\u00e9e politique"},"content":{"rendered":"<p>Rien ne va plus entre le Br\u00e9sil et les Etats-Unis. La tension entre les deux pays a \u00e9t\u00e9 mat\u00e9rialis\u00e9e jeudi dernier, avec l\u2019entr\u00e9e en vigueur des droits de douane de 50% sur les produits br\u00e9siliens import\u00e9s par les Etats-Unis. L\u2019effet de la surtaxe a certes\u00a0\u00e9t\u00e9 att\u00e9nu\u00e9, puisque pr\u00e8s de 700 produits ont \u00e9t\u00e9 sortis le la liste des importations vis\u00e9es, environ 36% des exportations br\u00e9siliennes vers les Etats-Unis seront bien concern\u00e9es, selon le gouvernement br\u00e9silien, et les secteurs les plus touch\u00e9s sont ceux du caf\u00e9 ou de la viande bovine, dont le Br\u00e9sil est premier exportateur mondial.<\/p>\n<p>Le couperet taxatoire est rude pour plusieurs entreprises br\u00e9siliennes. Mais Brazilia compte r\u00e9duire les cons\u00e9quences n\u00e9fastes, en tentant d\u2019amortir les pertes des secteurs concern\u00e9s, par des achats publics. \u00ab\u00a0Si on doit prendre en compte l\u2019ensemble de l\u2019\u00e9conomie br\u00e9silienne, ce n\u2019est pas une catastrophe pour le Br\u00e9sil, explique Christophe Ventura, directeur de recherches \u00e0 l\u2019<a href=\"https:\/\/www.iris-france.org\/\" rel=\"nofollow noopener\" target=\"_blank\">Institut des Relations internationales et strat\u00e9giques (IRIS)<\/a>.<\/p>\n<p>\u00ab\u00a0Dans certaines fili\u00e8res, je pense au caf\u00e9, je pense \u00e0 la viande, par exemple, le Br\u00e9sil exporte beaucoup aux \u00c9tats-Unis et les \u00c9tats-Unis restent un march\u00e9 important, entre 10 et 15%.\u00a0Pour certaines fili\u00e8res, par exemple\u00a0pour tout ce qui est a\u00e9ronautique, le Br\u00e9sil est un fournisseur important pour les \u00c9tats-Unis. Il y a Embraer qui a des liens tr\u00e8s \u00e9troits avec Boeing, mais justement, Trump applique sa r\u00e9pression douani\u00e8re, sauf l\u00e0 o\u00f9 il\u00a0en a besoin, c\u2019est-\u00e0-dire que ces produits-l\u00e0 sont exempt\u00e9s [\u2026] Et donc, grosso modo, une bonne partie des exportations qui ne partiraient plus aux \u00c9tats-Unis ou qui co\u00fbteraient plus cher \u00e0 l\u2019arriv\u00e9e, peuvent \u00eatre en partie r\u00e9orient\u00e9es vers des march\u00e9s diff\u00e9rents des \u00c9tats-Unis, que sont la Chine, l\u2019Inde, les march\u00e9s des BRICS d\u2019une mani\u00e8re g\u00e9n\u00e9rale\u00a0\u00bb.<\/p>\n","protected":false},"excerpt":{"rendered":"Rien ne va plus entre le Br\u00e9sil et les Etats-Unis. La tension entre les deux pays a \u00e9t\u00e9&hellip;\n","protected":false},"author":2,"featured_media":308591,"comment_status":"","ping_status":"","sticky":false,"template":"","format":"standard","meta":{"footnotes":""},"categories":[1589],"tags":[11,73,1866,12,1864,1865,1863,308],"class_list":{"0":"post-308590","1":"post","2":"type-post","3":"status-publish","4":"format-standard","5":"has-post-thumbnail","7":"category-etats-unis","8":"tag-actualites","9":"tag-etats-unis","10":"tag-etats-unis-damerique","11":"tag-news","12":"tag-united-states","13":"tag-united-states-of-america","14":"tag-us","15":"tag-usa"},"share_on_mastodon":{"url":"https:\/\/pubeurope.com\/@fr\/115002263673545654","error":""},"_links":{"self":[{"href":"https:\/\/www.europesays.com\/fr\/wp-json\/wp\/v2\/posts\/308590","targetHints":{"allow":["GET"]}}],"collection":[{"href":"https:\/\/www.europesays.com\/fr\/wp-json\/wp\/v2\/posts"}],"about":[{"href":"https:\/\/www.europesays.com\/fr\/wp-json\/wp\/v2\/types\/post"}],"author":[{"embeddable":true,"href":"https:\/\/www.europesays.com\/fr\/wp-json\/wp\/v2\/users\/2"}],"replies":[{"embeddable":true,"href":"https:\/\/www.europesays.com\/fr\/wp-json\/wp\/v2\/comments?post=308590"}],"version-history":[{"count":0,"href":"https:\/\/www.europesays.com\/fr\/wp-json\/wp\/v2\/posts\/308590\/revisions"}],"wp:featuredmedia":[{"embeddable":true,"href":"https:\/\/www.europesays.com\/fr\/wp-json\/wp\/v2\/media\/308591"}],"wp:attachment":[{"href":"https:\/\/www.europesays.com\/fr\/wp-json\/wp\/v2\/media?parent=308590"}],"wp:term":[{"taxonomy":"category","embeddable":true,"href":"https:\/\/www.europesays.com\/fr\/wp-json\/wp\/v2\/categories?post=308590"},{"taxonomy":"post_tag","embeddable":true,"href":"https:\/\/www.europesays.com\/fr\/wp-json\/wp\/v2\/tags?post=308590"}],"curies":[{"name":"wp","href":"https:\/\/api.w.org\/{rel}","templated":true}]}}