{"id":308594,"date":"2025-08-10T03:08:18","date_gmt":"2025-08-10T03:08:18","guid":{"rendered":"https:\/\/www.europesays.com\/fr\/308594\/"},"modified":"2025-08-10T03:08:18","modified_gmt":"2025-08-10T03:08:18","slug":"allemagne-trois-tigreaux-delaisses-par-leur-mere-et-euthanasies","status":"publish","type":"post","link":"https:\/\/www.europesays.com\/fr\/308594\/","title":{"rendered":"Allemagne: trois tigreaux d\u00e9laiss\u00e9s par leur m\u00e8re et euthanasi\u00e9s"},"content":{"rendered":"<p>Publi\u00e99. ao\u00fbt 2025, 19:12<\/p>\n<p>Allemagne: Leur m\u00e8re refuse de les \u00e9lever: le zoo euthanasie trois tigreaux<\/p>\n<p>Au zoo de Leipzig, quelques jours seulement apr\u00e8s leur naissance, trois b\u00e9b\u00e9s tigres ont d\u00fb \u00eatre euthanasi\u00e9s. Leur m\u00e8re s\u2019\u00e9tait en effet d\u00e9tourn\u00e9e d\u2019eux.<\/p>\n<p><img loading=\"lazy\" decoding=\"async\" src=\"https:\/\/www.europesays.com\/fr\/wp-content\/uploads\/2025\/08\/dc3652cb-3c13-4250-b598-cd7cb346853a.jpg\" alt=\"Des tigreaux de Sib\u00e9rie (image d'illustration).\" title=\"Des tigreaux de Sib\u00e9rie (image d'illustration).\"  width=\"1200\" height=\"800\"\/><\/p>\n<p>Des tigreaux de Sib\u00e9rie (image d&rsquo;illustration).<\/p>\n<p>AFP<\/p>\n<p>Trois b\u00e9b\u00e9s tigres de Sib\u00e9rie d\u00e9laiss\u00e9s par leur m\u00e8re, qui a rapidement arr\u00eat\u00e9 de les allaiter, ont d\u00fb \u00eatre euthanasi\u00e9s par le zoo allemand de Leipzig, a-t-il expliqu\u00e9 samedi. Apr\u00e8s avoir mis bas mercredi soir, la tigresse Yushka, dont c\u2019\u00e9tait la premi\u00e8re port\u00e9e, a d\u2019abord \u00abpris soin de sa prog\u00e9niture de mani\u00e8re exemplaire\u00bb, explique l\u2019\u00e9tablissement de l\u2019est de l\u2019Allemagne.<\/p>\n<p>Mais depuis jeudi apr\u00e8s-midi, elle s\u2019est \u00abd\u00e9tourn\u00e9e de ses petits\u00bb, cessant notamment de les alimenter. La d\u00e9cision de les euthanasier a \u00e9t\u00e9 prise apr\u00e8s deux jours pendant lesquels les tigreaux \u00absont devenus de plus en plus faibles\u00bb. Le zoo a d\u00fb assumer une \u00ablourde responsabilit\u00e9\u00bb en \u00e9pargnant ainsi aux jeunes une \u00abmort par inanition\u00bb, a expliqu\u00e9 le v\u00e9t\u00e9rinaire Andreas Bernhard.<\/p>\n<p>L\u2019interruption de l\u2019\u00e9levage \u00absans raison apparente\u00bb fait partie \u00abdu r\u00e9pertoire comportemental des jeunes m\u00e8res inexp\u00e9riment\u00e9es dans le r\u00e8gne animal\u00bb, explique le directeur du zoo, J\u00f6rg Junhold. Plus grands f\u00e9lins du monde, les tigres de Sib\u00e9rie, ou tigres de l\u2019Amour, vivent principalement dans l\u2019Extr\u00eame-Orient russe o\u00f9 ils sont menac\u00e9s d\u2019extinction.<\/p>\n<p>Fin juillet, un autre parc zoologique allemand, celui de Nuremberg, avait abattu douze de ses babouins, au motif que leur enclos \u00e9tait surpeupl\u00e9. Des militants de la cause animale s\u2019\u00e9taient introduits dans le zoo pour protester contre cette d\u00e9cision, l\u2019accusant de mauvaise gestion de cette population.<\/p>\n<p>(afp)<\/p>\n","protected":false},"excerpt":{"rendered":"Publi\u00e99. ao\u00fbt 2025, 19:12 Allemagne: Leur m\u00e8re refuse de les \u00e9lever: le zoo euthanasie trois tigreaux Au zoo&hellip;\n","protected":false},"author":2,"featured_media":308595,"comment_status":"","ping_status":"","sticky":false,"template":"","format":"standard","meta":{"footnotes":""},"categories":[1587],"tags":[11,672,1804,1805,1803,1777,674,1801,12,1802],"class_list":{"0":"post-308594","1":"post","2":"type-post","3":"status-publish","4":"format-standard","5":"has-post-thumbnail","7":"category-allemagne","8":"tag-actualites","9":"tag-allemagne","10":"tag-bundesrepublik-deutschland","11":"tag-de","12":"tag-deutschland","13":"tag-eu","14":"tag-europe","15":"tag-germany","16":"tag-news","17":"tag-republique-federale-dallemagne"},"share_on_mastodon":{"url":"https:\/\/pubeurope.com\/@fr\/115002271613710047","error":""},"_links":{"self":[{"href":"https:\/\/www.europesays.com\/fr\/wp-json\/wp\/v2\/posts\/308594","targetHints":{"allow":["GET"]}}],"collection":[{"href":"https:\/\/www.europesays.com\/fr\/wp-json\/wp\/v2\/posts"}],"about":[{"href":"https:\/\/www.europesays.com\/fr\/wp-json\/wp\/v2\/types\/post"}],"author":[{"embeddable":true,"href":"https:\/\/www.europesays.com\/fr\/wp-json\/wp\/v2\/users\/2"}],"replies":[{"embeddable":true,"href":"https:\/\/www.europesays.com\/fr\/wp-json\/wp\/v2\/comments?post=308594"}],"version-history":[{"count":0,"href":"https:\/\/www.europesays.com\/fr\/wp-json\/wp\/v2\/posts\/308594\/revisions"}],"wp:featuredmedia":[{"embeddable":true,"href":"https:\/\/www.europesays.com\/fr\/wp-json\/wp\/v2\/media\/308595"}],"wp:attachment":[{"href":"https:\/\/www.europesays.com\/fr\/wp-json\/wp\/v2\/media?parent=308594"}],"wp:term":[{"taxonomy":"category","embeddable":true,"href":"https:\/\/www.europesays.com\/fr\/wp-json\/wp\/v2\/categories?post=308594"},{"taxonomy":"post_tag","embeddable":true,"href":"https:\/\/www.europesays.com\/fr\/wp-json\/wp\/v2\/tags?post=308594"}],"curies":[{"name":"wp","href":"https:\/\/api.w.org\/{rel}","templated":true}]}}