{"id":308600,"date":"2025-08-10T03:11:13","date_gmt":"2025-08-10T03:11:13","guid":{"rendered":"https:\/\/www.europesays.com\/fr\/308600\/"},"modified":"2025-08-10T03:11:13","modified_gmt":"2025-08-10T03:11:13","slug":"contrex-et-hepar-epingles-par-mediapart-pour-leurs-taux-incommensurables-et-nuisibles-de-microplastiques","status":"publish","type":"post","link":"https:\/\/www.europesays.com\/fr\/308600\/","title":{"rendered":"Contrex et H\u00e9par \u00e9pingl\u00e9s par Mediapart pour leurs taux \u00ab\u00a0incommensurables\u00a0\u00bb et \u00ab\u00a0nuisibles\u00a0\u00bb de microplastiques"},"content":{"rendered":"<p>        <img decoding=\"async\" loading=\"lazy\" src=\"https:\/\/www.europesays.com\/fr\/wp-content\/uploads\/2025\/08\/f79d1ca_1719583913473-000-34jw489.jpg\"  width=\"728\" height=\"410\" alt=\"Parmi les eaux min\u00e9rales en bouteille commercialis\u00e9es par Nestl\u00e9 Waters, des taux de pollution de microplastiques \u00ab\u00a0incommensurables\u00a0\u00bb ont \u00e9t\u00e9 retrouv\u00e9s dans les eaux Contrex et H\u00e9par, r\u00e9v\u00e8le Mediapart.\"\/>  <\/p>\n<p>JOEL SAGET \/ AFP<\/p>\n<p>Parmi les eaux min\u00e9rales en bouteille commercialis\u00e9es par Nestl\u00e9 Waters, des taux de pollution de microplastiques \u00ab\u00a0incommensurables\u00a0\u00bb ont \u00e9t\u00e9 retrouv\u00e9s dans les eaux Contrex et H\u00e9par, r\u00e9v\u00e8le Mediapart.<\/p>\n<p class=\"asset asset-text\">SANTE &#8211; <a href=\"https:\/\/www.huffingtonpost.fr\/politique\/article\/l-etat-et-nestle-etrilles-par-le-rapport-sur-le-scandale-des-eaux-en-bouteille_250209.html\" target=\"_blank\" rel=\"noopener nofollow\" title=\"Nouvelle fen\u00eatre\">Nestl\u00e9 <\/a>toujours plus dans la tourmente. Des taux de pollution de microplastiques \u00ab\u00a0incommensurables\u00a0\u00bb ont \u00e9t\u00e9 retrouv\u00e9s dans<a href=\"https:\/\/www.huffingtonpost.fr\/life\/article\/les-eaux-minerales-du-groupe-nestle-presentent-des-risques-sanitaires-confirme-cette-note-de-l-anses_232165.html\" target=\"_blank\" rel=\"noopener nofollow\" title=\"Nouvelle fen\u00eatre\"> les eaux Contrex et H\u00e9par<\/a>, selon le magistrat charg\u00e9 de l\u2019enqu\u00eate pr\u00e9liminaire dans le cadre des poursuites contre Nestl\u00e9 Waters concernant des d\u00e9charges sauvages de d\u00e9chets polluants dans les Vosges, r\u00e9v\u00e8le ce samedi 9\u00a0ao\u00fbt <a href=\"https:\/\/www.mediapart.fr\/journal\/france\/090825\/les-eaux-contrex-et-hepar-contaminees-aux-microplastiques-par-les-decharges-sauvages-de-nestle\" target=\"_blank\" rel=\"noopener nofollow\" title=\"Nouvelle fen\u00eatre\">Mediapart<\/a>.<\/p>\n<p class=\"asset asset-text\">Nestl\u00e9 Waters est poursuivi pour avoir stock\u00e9 des d\u00e9chets et maintenu quatre d\u00e9charges sauvages \u00e0 Contrex\u00e9ville, They-sous-Montfort, Saint-Ouen-Les-Parey et Crainvilliers, repr\u00e9sentant un volume cumul\u00e9 de 473\u00a0700 m\u00e8tres cubes, l\u2019\u00e9quivalent de 126 piscines olympiques.<\/p>\n<p class=\"asset asset-text\">Le proc\u00e8s, d\u00e9cid\u00e9 apr\u00e8s une enqu\u00eate du p\u00f4le r\u00e9gional environnement du parquet de Nancy, se tiendra du 24 au 28\u00a0novembre. Nestl\u00e9 est notamment poursuivi pour avoir, autour de ces d\u00e9charges, \u00ab\u00a0laiss\u00e9 s\u2019\u00e9couler dans les eaux superficielles et souterraines\u00a0\u00bb des \u00ab\u00a0particules de microplastiques\u00a0\u00bb \u00e0 des concentrations \u00ab\u00a0rendant toute vie aquatique impossible et ayant des effets nuisibles sur la sant\u00e9, la flore et la faune\u00a0\u00bb.<\/p>\n<p>    Des \u00ab\u00a0effets nuisibles sur la sant\u00e9 humaine\u00a0\u00bb    <\/p>\n<p class=\"asset asset-text\">Les r\u00e9v\u00e9lations de Mediapart, qui a contribu\u00e9 avec Le Monde et Radio France aux r\u00e9v\u00e9lations sur les traitements ill\u00e9gaux utilis\u00e9s par le pass\u00e9 par Nestl\u00e9 Waters sur ses eaux, indiquent que les d\u00e9charges de plastique \u00ab\u00a0sont (\u00e0) l\u2019origine\u00a0\u00bb de taux \u00e9lev\u00e9s de microplastiques retrouv\u00e9s \u00e0 la sortie des forages des eaux ensuite embouteill\u00e9es sous les marques Contrex et H\u00e9par.<\/p>\n<p class=\"asset asset-text\">Le m\u00e9dia s\u2019appuie notamment sur une enqu\u00eate de l\u2019Office fran\u00e7ais de la biodiversit\u00e9 (OFB) et de l\u2019Office central de lutte contre les atteintes \u00e0 l\u2019environnement et \u00e0 la sant\u00e9 publique (Oclaesp).<\/p>\n<p class=\"asset asset-text\">\u00ab\u00a0Une analyse chiffr\u00e9e illustre que les proportions sont incommensurables s\u2019agissant de l\u2019introduction de microplastiques dans les sols vosgiens par Nestl\u00e9 aux lieux des d\u00e9charges, sur les terres et les eaux situ\u00e9es en aval\u00a0\u00bb, indique le magistrat charg\u00e9 de l\u2019enqu\u00eate, selon Mediapart, alertant sur \u00ab\u00a0leurs effets nuisibles sur la sant\u00e9 humaine\u00a0\u00bb.<\/p>\n<p class=\"asset asset-text\">Les taux de microplastiques sont de 515 particules de microplastique par litre (mp\/L) pour Contrex, et 2\u00a0096 pour H\u00e9par, soit des concentrations 51\u00a0000 \u00e0 1,3\u00a0million de fois sup\u00e9rieures \u00e0 celles retrouv\u00e9es dans des lacs, fleuves et rivi\u00e8res par deux \u00e9tudes sur lesquelles s\u2019appuient les enqu\u00eateurs. Et de 5 \u00e0 2\u00a0952 fois sup\u00e9rieurs aux taux moyens dans les nappes phr\u00e9atiques du monde, selon d\u2019autres \u00e9tudes. Ces taux sont \u00e9galement sup\u00e9rieurs \u00e0 ceux retrouv\u00e9s dans d\u2019autres eaux en bouteille par des chercheurs.<\/p>\n<p class=\"asset asset-text\">\u00ab\u00a0La d\u00e9gradation est substantielle en ce qu\u2019ils sont fragment\u00e9s en micro voire nanoplastiques, impr\u00e9gn\u00e9s et diffus\u00e9s dans les sols et les r\u00e9seaux d\u2019eaux souterraines, de sorte qu\u2019aucune d\u00e9pollution n\u2019est envisageable\u00a0\u00bb, ajoutent les enqu\u00eateurs.<\/p>\n<p>    Nestl\u00e9 Waters d\u00e9ment    <\/p>\n<p class=\"asset asset-text\">Contact\u00e9 par Mediapart, Nestl\u00e9 Waters affirme \u00ab\u00a0qu\u2019aucune pollution n\u2019est av\u00e9r\u00e9e aux termes des analyses environnementales partag\u00e9es avec les autorit\u00e9s. Toutes nos eaux peuvent \u00eatre bues en toute s\u00e9curit\u00e9\u00a0\u00bb.<\/p>\n<p class=\"asset asset-text\">Le m\u00e9dia indique avoir consult\u00e9 une note confidentielle dans laquelle Nestl\u00e9 affirme en 2022 que les d\u00e9charges pourraient avoir \u00ab\u00a0un impact sur la qualit\u00e9 des eaux\u00a0\u00bb. Selon l\u2019entreprise, les d\u00e9charges incrimin\u00e9es datent des ann\u00e9es 1960, avant qu\u2019elle ne soit propri\u00e9taire des terrains pollu\u00e9s.<\/p>\n<p class=\"asset asset-text\">Les taux de microplastiques dans les eaux min\u00e9rales naturelles ne sont pas r\u00e9glement\u00e9s. Omnipr\u00e9sentes dans l\u2019environnement, ces substances sont au c\u0153ur des n\u00e9gociations en cours \u00e0 Gen\u00e8ve pour \u00e9laborer un trait\u00e9 contre la pollution plastique.<\/p>\n","protected":false},"excerpt":{"rendered":"JOEL SAGET \/ AFP Parmi les eaux min\u00e9rales en bouteille commercialis\u00e9es par Nestl\u00e9 Waters, des taux de pollution&hellip;\n","protected":false},"author":2,"featured_media":308601,"comment_status":"","ping_status":"","sticky":false,"template":"","format":"standard","meta":{"footnotes":""},"categories":[2],"tags":[11,4858,6199,1011,27,4855,5824,12,25,71],"class_list":{"0":"post-308600","1":"post","2":"type-post","3":"status-publish","4":"format-standard","5":"has-post-thumbnail","7":"category-actualites","8":"tag-actualites","9":"tag-eau","10":"tag-eau-en-bouteille","11":"tag-fr","12":"tag-france","13":"tag-microplastiques","14":"tag-nestle","15":"tag-news","16":"tag-republique-francaise","17":"tag-sante"},"share_on_mastodon":{"url":"https:\/\/pubeurope.com\/@fr\/115002283398506115","error":""},"_links":{"self":[{"href":"https:\/\/www.europesays.com\/fr\/wp-json\/wp\/v2\/posts\/308600","targetHints":{"allow":["GET"]}}],"collection":[{"href":"https:\/\/www.europesays.com\/fr\/wp-json\/wp\/v2\/posts"}],"about":[{"href":"https:\/\/www.europesays.com\/fr\/wp-json\/wp\/v2\/types\/post"}],"author":[{"embeddable":true,"href":"https:\/\/www.europesays.com\/fr\/wp-json\/wp\/v2\/users\/2"}],"replies":[{"embeddable":true,"href":"https:\/\/www.europesays.com\/fr\/wp-json\/wp\/v2\/comments?post=308600"}],"version-history":[{"count":0,"href":"https:\/\/www.europesays.com\/fr\/wp-json\/wp\/v2\/posts\/308600\/revisions"}],"wp:featuredmedia":[{"embeddable":true,"href":"https:\/\/www.europesays.com\/fr\/wp-json\/wp\/v2\/media\/308601"}],"wp:attachment":[{"href":"https:\/\/www.europesays.com\/fr\/wp-json\/wp\/v2\/media?parent=308600"}],"wp:term":[{"taxonomy":"category","embeddable":true,"href":"https:\/\/www.europesays.com\/fr\/wp-json\/wp\/v2\/categories?post=308600"},{"taxonomy":"post_tag","embeddable":true,"href":"https:\/\/www.europesays.com\/fr\/wp-json\/wp\/v2\/tags?post=308600"}],"curies":[{"name":"wp","href":"https:\/\/api.w.org\/{rel}","templated":true}]}}