{"id":308608,"date":"2025-08-10T03:16:17","date_gmt":"2025-08-10T03:16:17","guid":{"rendered":"https:\/\/www.europesays.com\/fr\/308608\/"},"modified":"2025-08-10T03:16:17","modified_gmt":"2025-08-10T03:16:17","slug":"antoine-dupont-la-mauvaise-nouvelle-se-confirme","status":"publish","type":"post","link":"https:\/\/www.europesays.com\/fr\/308608\/","title":{"rendered":"Antoine Dupont, la mauvaise nouvelle se confirme"},"content":{"rendered":"<p><strong>Gravement bless\u00e9 au genou en<br \/>\nf\u00e9vrier dernier, Antoine Dupont avance dans sa r\u00e9\u00e9ducation. Mais le<br \/>\nretour \u00e0 la comp\u00e9tition appara\u00eet encore loin, surtout pour le XV de<br \/>\nFrance.<\/strong><\/p>\n<p>La reprise du Top 14 approche, et pour le Stade Toulousain le<br \/>\nrendez-vous est fix\u00e9 dans un mois, le 7 septembre prochain, avec un<br \/>\nd\u00e9placement du c\u00f4t\u00e9 de Clermont. Sans surprise aucune, les<br \/>\nchampions de France entameront la d\u00e9fense de leur titre sans<br \/>\nAntoine Dupont.<\/p>\n<p>Le capitaine du XV de France soigne toujours son genou,<br \/>\ngravement bless\u00e9 en f\u00e9vrier dernier lors du Tournoi des 6 Nations.<br \/>\nStar de son sport, et m\u00eame un peu plus, le demi-de-m\u00eal\u00e9e de 28 ans<br \/>\nmultiplie les apparitions \u00e0 droite, \u00e0 gauche. Mais c\u2019est bien \u00e0<br \/>\nToulouse, du c\u00f4t\u00e9 d\u2019Ernest-Wallon, qu\u2019il effectue son travail de<br \/>\nr\u00e9\u00e9ducation. Avec assiduit\u00e9.<\/p>\n<blockquote class=\"instagram-media\" style=\"background: #ffffff;border: 0;margin: 1px;width: 100%;padding: 0;\" data-instgrm-captioned=\"\" data-instgrm-permalink=\"https:\/\/www.instagram.com\/p\/DL-NQfZoaGj\/?img_index=1\" data-instgrm-version=\"14\"\/>\n<p>Antoine Dupont, qui est d\u00e9j\u00e0 pass\u00e9 par l\u00e0 au d\u00e9but de sa<br \/>\ncarri\u00e8re, savait que la route serait longue. Il est encore loin<br \/>\nd\u2019\u00eatre arriv\u00e9 au bout du chemin, et Midi Olympique confirme que sa<br \/>\ndate de reprise n\u2019a pas franchement \u00e9volu\u00e9.<\/p>\n<p>Antoine Dupont vers le forfait<\/p>\n<p>Le champion olympique de rugby \u00e0 7 vise toujours un retour sur<br \/>\nles terrains vers la fin du mois de novembre. La mauvaise nouvelle<br \/>\nreste donc de mise pour Fabien Galthi\u00e9 et le XV de France, qui<br \/>\ndevront bel et bien se passer de leur leader pour les tests<br \/>\nd\u2019automne.<\/p>\n<p>Depuis la Coupe du monde 2023, entre son aventure au rugby \u00e0 7<br \/>\net les blessures, Antoine Dupont joue les intermittents du<br \/>\nspectacle avec les Bleus, avec qui il n\u2019aura sans doute jou\u00e9 que<br \/>\nsept matchs en deux ans \u00e0 la fin de l\u2019ann\u00e9e 2025.<\/p>\n<p>Qu\u2019il prenne le temps n\u00e9cessaire pour revenir est toutefois une<br \/>\nbonne chose pour le Stade Toulousain, et pour le joueur lui-m\u00eame.<br \/>\nIn fine, c\u2019est \u00e9galement pr\u00e9f\u00e9rable pour le XV de France, qui ne<br \/>\nsouhaite qu\u2019une chose: un grand Antoine Dupont pour le Mondial<br \/>\n2027.<\/p>\n<blockquote class=\"twitter-tweet\"><p><a class=\"twitter-link\" rel=\"noindex, nofollow noopener\" href=\"https:\/\/twitter.com\/RugbyramaFR\/status\/1953485193190293511\" target=\"_blank\"><\/p><\/blockquote>\n<p><script async src=\"https:\/\/platform.twitter.com\/widgets.js\" charset=\"utf-8\"><\/script><script async src=\"\/\/www.instagram.com\/embed.js\"><\/script><\/p>\n","protected":false},"excerpt":{"rendered":"Gravement bless\u00e9 au genou en f\u00e9vrier dernier, Antoine Dupont avance dans sa r\u00e9\u00e9ducation. Mais le retour \u00e0 la&hellip;\n","protected":false},"author":2,"featured_media":308609,"comment_status":"","ping_status":"","sticky":false,"template":"","format":"standard","meta":{"footnotes":""},"categories":[1416],"tags":[1011,27,479,1468,60],"class_list":{"0":"post-308608","1":"post","2":"type-post","3":"status-publish","4":"format-standard","5":"has-post-thumbnail","7":"category-rugby","8":"tag-fr","9":"tag-france","10":"tag-rugby","11":"tag-rugby-football","12":"tag-sports"},"share_on_mastodon":{"url":"https:\/\/pubeurope.com\/@fr\/115002303091393160","error":""},"_links":{"self":[{"href":"https:\/\/www.europesays.com\/fr\/wp-json\/wp\/v2\/posts\/308608","targetHints":{"allow":["GET"]}}],"collection":[{"href":"https:\/\/www.europesays.com\/fr\/wp-json\/wp\/v2\/posts"}],"about":[{"href":"https:\/\/www.europesays.com\/fr\/wp-json\/wp\/v2\/types\/post"}],"author":[{"embeddable":true,"href":"https:\/\/www.europesays.com\/fr\/wp-json\/wp\/v2\/users\/2"}],"replies":[{"embeddable":true,"href":"https:\/\/www.europesays.com\/fr\/wp-json\/wp\/v2\/comments?post=308608"}],"version-history":[{"count":0,"href":"https:\/\/www.europesays.com\/fr\/wp-json\/wp\/v2\/posts\/308608\/revisions"}],"wp:featuredmedia":[{"embeddable":true,"href":"https:\/\/www.europesays.com\/fr\/wp-json\/wp\/v2\/media\/308609"}],"wp:attachment":[{"href":"https:\/\/www.europesays.com\/fr\/wp-json\/wp\/v2\/media?parent=308608"}],"wp:term":[{"taxonomy":"category","embeddable":true,"href":"https:\/\/www.europesays.com\/fr\/wp-json\/wp\/v2\/categories?post=308608"},{"taxonomy":"post_tag","embeddable":true,"href":"https:\/\/www.europesays.com\/fr\/wp-json\/wp\/v2\/tags?post=308608"}],"curies":[{"name":"wp","href":"https:\/\/api.w.org\/{rel}","templated":true}]}}