{"id":308610,"date":"2025-08-10T03:17:09","date_gmt":"2025-08-10T03:17:09","guid":{"rendered":"https:\/\/www.europesays.com\/fr\/308610\/"},"modified":"2025-08-10T03:17:09","modified_gmt":"2025-08-10T03:17:09","slug":"terence-atmane-fait-tomber-flavio-cobolli-au-deuxieme-tour-du-masters-1000-de-cincinnati-lequipe","status":"publish","type":"post","link":"https:\/\/www.europesays.com\/fr\/308610\/","title":{"rendered":"Terence Atmane fait tomber Flavio Cobolli au deuxi\u00e8me tour du Masters 1000 de Cincinnati &#8211; L&#039;\u00c9quipe"},"content":{"rendered":"<ol>\n<li><a href=\"https:\/\/news.google.com\/rss\/articles\/CBMi0wFBVV95cUxNYlNKMFVyY0ZUZ0F5UjBDZ0lULWZnV1U0cmtiM2g0RXQ3YjYyTGdUVTJfOVBDb2VUMVhoR3VXZVgwRFd5eVVHOUphY1dORms2UEdzUFRWZUcwMHhpeXhTUFlRbFpRX2VKV3hWTXhXa0VCaFg5djhURURfUTBQS0I4MUtQSUZzN1B3ZHp5c2dVOFNoSmdTZ19MZkQyQm1YbWx6aldJY2JlZmFldVFTekJieXVWVnJyRGNOX3Aya1psWFJFQ0hLTmZ0STFMVk9ZMzhzU2ln?oc=5\" target=\"_blank\" rel=\"nofollow noopener\">Terence Atmane fait tomber Flavio Cobolli au deuxi\u00e8me tour du Masters 1000 de Cincinnati<\/a>&nbsp;&nbsp;L&rsquo;\u00c9quipe<\/li>\n<li><a href=\"https:\/\/news.google.com\/rss\/articles\/CBMipwFBVV95cUxNSWNnSFpyRHFiSExEUzFHMGtldElqYnJDak9pVnNHclRHeVRUNVoxV1JNV3dkMXJkX1FzX0l2T1E3d1ZuUGJMRFo5ZGFXV0I0TGo0YlVwT1BtMWxSelB5TWtKSzVNa2x1ZEZ0Z0lwLTlpQW10aThNQ2Z1eEd6V3pFTFctUnN2ZG9VeUxsNzF5XzB5bVkxLUhzSE1EQVZpVXZPNmp2b2l4dw?oc=5\" target=\"_blank\" rel=\"nofollow noopener\">Tennis : Valentin Royer verra le deuxi\u00e8me tour \u00e0 Cincinnati<\/a>&nbsp;&nbsp;Le Figaro<\/li>\n<li><a href=\"https:\/\/news.google.com\/rss\/articles\/CBMiwgFBVV95cUxPS285WjlSUjJSdkZaVmJBeWhCZjFRY0Z1SHBDVUgzRG1zREk4eWJuNm02Z05qejEzWm1tb09oTTBfNkxJMktsWkRmdksxaEZKQzRBemlKLUQzZFBGSFRGNVJDOTBXcmIwcmFRRXk5RFlMZ0xLdDJWWEJDS3lpUmxKNFNiMXN4YWJ4UzRadGNjUmVXZnpJaEFldW9NemxPNmtiNHJqQUJIN3NPMjM2VzljcTNocFdPdnJVRXJvc1RBVFpNd9IBwAFBVV95cUxOZTV4c0pFUm56TVQ4N0h6aE9UOTFHLWdLM0Y5ODlNd2UwRy1pbnExRExZQVRReVdkcC1fcHBMSmdQVjgya1BQOWdkVEZTRlotaXc5aHEwZ1lfQ1dqSjRxVmM1SjlHcTJCdGNWQzZkR3VEZ3JvN3VBbVhVUVIySFVvVUt2YXMzSzc3ZWpTSGFCWE9lSmpLTmtkYzAwSWtRYmR6cjBxeThKMFVTc0ROLXNaYTJFcF9zeDMxRS1xTzUtems?oc=5\" target=\"_blank\" rel=\"nofollow noopener\">ATP &#8211; Cincinnati : Atmane balaye Nishioka et se hisse au 2e tour<\/a>&nbsp;&nbsp;Orange Actualit\u00e9s | Sports<\/li>\n<li><a href=\"https:\/\/news.google.com\/rss\/articles\/CBMijgJBVV95cUxPc2pvaUhlYzZQcTBlMXluTzlsLVJMdERPbkpSYjJMY2RnVElKdjlsV0VCcG80WnJ6UlV1eVhqSnY3TURIT2VJNzdiVGFKcmpPa3pzYmFtQ1BCQmx5SzRBMmw3dFZob0lUVFVPOFdsM1NSZTE3a1ZUZF91Ymw3dXRDLXlrQW14SVVNVXBOQmNGN0xJZFR5Rzdobnc4UE1uRzREa3p5aXBPMTRvdUF1NW53Z0c1MmJMSWRqN2NfdnZLdjJJZ21IZkw0MFBfUnF3cTBFd1dUZjZPc3pKYTBtcTVrMjZrdTRCTEM4enJSeENWOXgtOVp3RGZYWGxxVjhwcXB4U2lZbUphdmxHSnZyTmc?oc=5\" target=\"_blank\" rel=\"nofollow noopener\">Masters 1000 de Cincinnati. \u00c7a passe au deuxi\u00e8me tour pour Valentin Royer, pas pour Alexandre M\u00fcller<\/a>&nbsp;&nbsp;Ouest-France<\/li>\n<li><a href=\"https:\/\/news.google.com\/rss\/articles\/CBMivwFBVV95cUxQWnUzVGMyNkFGMGZ2enBNRVdrbXAwMmZLQTQySWpsTW1jSEFtRDExNkJZM29iQ3hZN1FuX1ZpZFNkdC0yYnpfSnhVTmJIZk54d2lsZ1JNbTZ2MlhTc0RwRy1BeWozUG5TTEczVVp0VkI2V3hxZk45dUJQcUFqMnk2UUg2LWY4a005RVFGMFNINzBsdUdtU3NSa2VnaVJ6M2tJdFVDWG5wLU9lTU1NRWxTSnVpRXAxTzlWcVNSc2pXcw?oc=5\" target=\"_blank\" rel=\"nofollow noopener\">Masters 1000 Cincinnati : Coup d&rsquo;\u00e9clat de Valentin Royer au 1er tour<\/a>&nbsp;&nbsp;MSN<\/li>\n<\/ol>\n","protected":false},"excerpt":{"rendered":"Terence Atmane fait tomber Flavio Cobolli au deuxi\u00e8me tour du Masters 1000 de Cincinnati&nbsp;&nbsp;L&rsquo;\u00c9quipe Tennis : Valentin Royer&hellip;\n","protected":false},"author":2,"featured_media":308611,"comment_status":"","ping_status":"","sticky":false,"template":"","format":"standard","meta":{"footnotes":""},"categories":[1415],"tags":[1011,27,60,1467],"class_list":{"0":"post-308610","1":"post","2":"type-post","3":"status-publish","4":"format-standard","5":"has-post-thumbnail","7":"category-tennis","8":"tag-fr","9":"tag-france","10":"tag-sports","11":"tag-tennis"},"share_on_mastodon":{"url":"https:\/\/pubeurope.com\/@fr\/115002306905731700","error":""},"_links":{"self":[{"href":"https:\/\/www.europesays.com\/fr\/wp-json\/wp\/v2\/posts\/308610","targetHints":{"allow":["GET"]}}],"collection":[{"href":"https:\/\/www.europesays.com\/fr\/wp-json\/wp\/v2\/posts"}],"about":[{"href":"https:\/\/www.europesays.com\/fr\/wp-json\/wp\/v2\/types\/post"}],"author":[{"embeddable":true,"href":"https:\/\/www.europesays.com\/fr\/wp-json\/wp\/v2\/users\/2"}],"replies":[{"embeddable":true,"href":"https:\/\/www.europesays.com\/fr\/wp-json\/wp\/v2\/comments?post=308610"}],"version-history":[{"count":0,"href":"https:\/\/www.europesays.com\/fr\/wp-json\/wp\/v2\/posts\/308610\/revisions"}],"wp:featuredmedia":[{"embeddable":true,"href":"https:\/\/www.europesays.com\/fr\/wp-json\/wp\/v2\/media\/308611"}],"wp:attachment":[{"href":"https:\/\/www.europesays.com\/fr\/wp-json\/wp\/v2\/media?parent=308610"}],"wp:term":[{"taxonomy":"category","embeddable":true,"href":"https:\/\/www.europesays.com\/fr\/wp-json\/wp\/v2\/categories?post=308610"},{"taxonomy":"post_tag","embeddable":true,"href":"https:\/\/www.europesays.com\/fr\/wp-json\/wp\/v2\/tags?post=308610"}],"curies":[{"name":"wp","href":"https:\/\/api.w.org\/{rel}","templated":true}]}}