{"id":308614,"date":"2025-08-10T03:21:14","date_gmt":"2025-08-10T03:21:14","guid":{"rendered":"https:\/\/www.europesays.com\/fr\/308614\/"},"modified":"2025-08-10T03:21:14","modified_gmt":"2025-08-10T03:21:14","slug":"lefevere-realiste-face-au-depart-devenepoel","status":"publish","type":"post","link":"https:\/\/www.europesays.com\/fr\/308614\/","title":{"rendered":"Lefevere r\u00e9aliste face au d\u00e9part d&rsquo;Evenepoel"},"content":{"rendered":"<p class=\"date\">\n                                                            Mathieu Warnier, Media365 : publi\u00e9 le samedi 09 ao\u00fbt 2025 \u00e0 22h35\n                                                    <\/p>\n<p>Alors qu&rsquo;il avait affirm\u00e9 ne pas vouloir \u00e9voquer le d\u00e9part de Remco Evenepoel, Patrick Lefevere est sorti de sa r\u00e9serve en assurant que cela apparaissait in\u00e9vitable face aux moyens \u00e0 la disposition de l&rsquo;\u00e9quipe Soudal-Quick Step.<\/p>\n<p>Patrick Lefevere n&rsquo;a pas pu r\u00e9sister. Dans la foul\u00e9e de l&rsquo;annonce de l&rsquo;arriv\u00e9e de Remco Evenepoel chez Red Bull-Bora-Hansgrohe en 2026, qui a mis fin \u00e0 un faux suspense qui durait depuis plusieurs mois, <a href=\"https:\/\/sports.orange.fr\/cyclisme\/article\/soudal-quick-step-lefevere-ne-veut-pas-commenter-le-depart-d-evenepoel-exclu-CNT000002jXtwU.html\" rel=\"nofollow noopener\" target=\"_blank\">l&rsquo;ancien patron de la formation Soudal-Quick Step avait invoqu\u00e9 une clause de confidentialit\u00e9 pour ne pas s&rsquo;exprimer sur le sujet<\/a>. Ce qui ne l&rsquo;a pas emp\u00each\u00e9 d&rsquo;\u00e9mettre un commentaire dans les colonnes du quotidien belge n\u00e9erlandophone Het Nieuwsblad, o\u00f9 il conc\u00e8de qu&rsquo;il s&rsquo;attendait \u00e0 voir le natif d&rsquo;Alost quitter le nid. \u00ab\u00a0Cela ne m&rsquo;a pas surpris, a-t-il tout d&rsquo;abord lanc\u00e9. Dans une relation, quand c&rsquo;est fini, c&rsquo;est fini. On sent ce genre de chose arriver.\u00a0\u00bb Alors que ce mouvement est parti de la volont\u00e9 du double champion olympique de ne pas prolonger son contrat avec l&rsquo;\u00e9quipe qui l&rsquo;a lanc\u00e9 au plus haut niveau, qui s&rsquo;achevait au terme de la saison 2026, Patrick Lefevere a admis que \u00ab\u00a0Remco Evenepoel a toujours suscit\u00e9 de l&rsquo;int\u00e9r\u00eat\u00a0\u00bb. Il a ajout\u00e9 que \u00ab\u00a0ce serait arrogant de dire oui\u00a0\u00bb en r\u00e9ponse \u00e0 la question de savoir si la donne aurait \u00e9t\u00e9 diff\u00e9rente avec lui aux commandes de la formation belge.<\/p>\n<p>Pour Lefevere, Soudal-Quick Step ne peut plus rivaliser<\/p>\n<p>Avec cette arriv\u00e9e dans les rangs de l&rsquo;\u00e9quipe Red Bull-Bora-Hansgrohe, <a href=\"https:\/\/sports.orange.fr\/cyclisme\/article\/red-bull-bora-hansgrohe-evenepoel-va-devenir-le-deuxieme-coureur-le-mieux-paye-au-monde-CNT000002k75O5.html\" rel=\"nofollow noopener\" target=\"_blank\">Remco Evenepoel va voir ses \u00e9moluments grimper en fl\u00e8che<\/a> pour atteindre plus de six millions d&rsquo;euros annuels hors primes de r\u00e9sultat. Alors que plusieurs \u00e9quipes disposant de tr\u00e8s g\u00e9n\u00e9reux partenaires commencent \u00e0 concentrer les talents, Patrick Lefevere a admis que l&rsquo;\u00e9quipe Soudal-Quick Step n&rsquo;est pas dans la m\u00eame cour. \u00ab\u00a0Si Remco Evenepoel peut gagner quelques millions de plus ailleurs, il devrait en profiter, a confi\u00e9 l&rsquo;ancien dirigeant belge, qui a mesur\u00e9 ses propos en raison de l&rsquo;accord de confidentialit\u00e9 sign\u00e9 lors de la cession de ses parts. Notre budget ne nous permet tout simplement plus de rivaliser avec des \u00e9quipes comme UAE Team Emirates-XRG ou Red Bull-Bora-Hansgrohe.\u00a0\u00bb Pour conclure son propos, l&rsquo;ancien patron de l&rsquo;\u00e9quipe Soudal-Quick Step a assur\u00e9 qu&rsquo;il n&rsquo;en veut pas \u00e0 Remco Evenepoel, qui avait confi\u00e9 en 2022 vouloir aller au moins jusqu&rsquo;au terme de son contrat. \u00ab\u00a0On se souvient de ces mots, mais je lui pardonne, a assur\u00e9 Patrick Lefevere. On dit souvent des choses avec l&rsquo;\u00e9motion.\u00a0\u00bb Avant de d\u00e9buter un nouveau chapitre de sa carri\u00e8re, le natif d&rsquo;Alost aura sans doute \u00e0 c\u0153ur d&rsquo;achever celui-ci avec la t\u00eate haute.<\/p>\n","protected":false},"excerpt":{"rendered":"Mathieu Warnier, Media365 : publi\u00e9 le samedi 09 ao\u00fbt 2025 \u00e0 22h35 Alors qu&rsquo;il avait affirm\u00e9 ne pas&hellip;\n","protected":false},"author":2,"featured_media":308615,"comment_status":"","ping_status":"","sticky":false,"template":"","format":"standard","meta":{"footnotes":""},"categories":[1411],"tags":[1154,207,1011,27,60],"class_list":{"0":"post-308614","1":"post","2":"type-post","3":"status-publish","4":"format-standard","5":"has-post-thumbnail","7":"category-cyclisme","8":"tag-cycling","9":"tag-cyclisme","10":"tag-fr","11":"tag-france","12":"tag-sports"},"share_on_mastodon":{"url":"https:\/\/pubeurope.com\/@fr\/115002322763915223","error":""},"_links":{"self":[{"href":"https:\/\/www.europesays.com\/fr\/wp-json\/wp\/v2\/posts\/308614","targetHints":{"allow":["GET"]}}],"collection":[{"href":"https:\/\/www.europesays.com\/fr\/wp-json\/wp\/v2\/posts"}],"about":[{"href":"https:\/\/www.europesays.com\/fr\/wp-json\/wp\/v2\/types\/post"}],"author":[{"embeddable":true,"href":"https:\/\/www.europesays.com\/fr\/wp-json\/wp\/v2\/users\/2"}],"replies":[{"embeddable":true,"href":"https:\/\/www.europesays.com\/fr\/wp-json\/wp\/v2\/comments?post=308614"}],"version-history":[{"count":0,"href":"https:\/\/www.europesays.com\/fr\/wp-json\/wp\/v2\/posts\/308614\/revisions"}],"wp:featuredmedia":[{"embeddable":true,"href":"https:\/\/www.europesays.com\/fr\/wp-json\/wp\/v2\/media\/308615"}],"wp:attachment":[{"href":"https:\/\/www.europesays.com\/fr\/wp-json\/wp\/v2\/media?parent=308614"}],"wp:term":[{"taxonomy":"category","embeddable":true,"href":"https:\/\/www.europesays.com\/fr\/wp-json\/wp\/v2\/categories?post=308614"},{"taxonomy":"post_tag","embeddable":true,"href":"https:\/\/www.europesays.com\/fr\/wp-json\/wp\/v2\/tags?post=308614"}],"curies":[{"name":"wp","href":"https:\/\/api.w.org\/{rel}","templated":true}]}}