{"id":308616,"date":"2025-08-10T03:22:13","date_gmt":"2025-08-10T03:22:13","guid":{"rendered":"https:\/\/www.europesays.com\/fr\/308616\/"},"modified":"2025-08-10T03:22:13","modified_gmt":"2025-08-10T03:22:13","slug":"ol-mercato-louis-jean-lache-ses-plans-fonseca-brouille-les-pistes-matic-vers-la-sortie","status":"publish","type":"post","link":"https:\/\/www.europesays.com\/fr\/308616\/","title":{"rendered":"OL Mercato : Louis-Jean l\u00e2che ses plans, Fonseca brouille les pistes, Matic vers la sortie"},"content":{"rendered":"<p><strong>En marge de la rencontre entre l\u2019OL et Getafe ce samedi soir, Matthieu Louis-Jean (directeur technique) et Paulo Fonseca (entra\u00eeneur) ont \u00e9voqu\u00e9 le Mercato des Gones. Ce qu\u2019il faut en retenir.<\/strong><\/p>\n<p>Dans la chaleur du stade Pierre-Rajon, l\u2019Olympique Lyonnais a cl\u00f4tur\u00e9 sa pr\u00e9paration sur une victoire 2-1 face aux rugueux espagnols de Getafe. Dans la moiteur berjallienne, le Mercato s\u2019est aussi av\u00e9r\u00e9 un sujet de discussions. D\u2019abord avec un Matthieu Louis-Jean tr\u00e8s disponible et clair dans l\u2019avanc\u00e9e des travaux\u00a0: \u00ab\u00a0On est \u00e0 85-90% de l\u2019effectif. On esp\u00e8re avoir encore au moins 2-3 arriv\u00e9es. Il va nous falloir un attaquant suppl\u00e9mentaire car on est un peu l\u00e9ger avec Georges (Mikautadze) et le jeune Alejandro (Gomes Rodriguez) derri\u00e8re. Il faudra probablement un excentr\u00e9 droit aussi.\u00a0\u00bb<\/p>\n<p>Fonseca content du Mercato \u2026 Mais \u00e9vasif dans son choix de gardien \u00e0 Lens<\/p>\n<p>Conscient de la difficult\u00e9 de la t\u00e2che, avec l\u2019encadrement de masse salariale et d\u2019indemnit\u00e9s de mutation prononc\u00e9e par l\u2019UEFA et valid\u00e9e en appel \u00e0 la DNCG, Paulo Fonseca ne boudait d\u2019ailleurs pas son plaisir de quand m\u00eame pouvoir compter d\u00e9j\u00e0 sur cinq renforts (Tagliafico, R.Kluivert, Morton, Sulc, A.Moreira) en attendant l\u2019arriv\u00e9e de Dominik Greif\u00a0: \u00ab\u00a0Il nous manque deux ou trois joueurs pour \u00eatre pr\u00eats. Ce n\u2019est pas facile mais je pense que Matthieu (Louis-Jean) et Benjamin (Charrier) ont fait un grand travail dans cette p\u00e9riode (\u2026) Je ne peux pas dire que nous avons une \u00e9quipe plus forte mais nous avons une \u00e9quipe forte avec la volont\u00e9 de gagner nos matchs.\u00a0\u00bb<\/p>\n<p>Lanc\u00e9 sur l\u2019arriv\u00e9e du gardien de Majorque la semaine prochaine, Paulo Fonseca l\u2019a confirm\u00e9 \u00e0 mot couvert\u2026 Tout en expliquant malgr\u00e9 tout que <a href=\"https:\/\/www.butfootballclub.fr\/613013-ol-mercato-cest-boucle-pour-greif-on-sait-quand-il-signera-a-lyon\/\" rel=\"noopener nofollow\" target=\"_blank\">Dominik Greif<\/a> pourrait patienter un peu avant de d\u00e9buter\u00a0: \u00ab\u00a0Je pense que nous l\u2019avons apport\u00e9 pour \u00eatre le N\u00b01. Mais je ne sais pas si ce sera sur le prochain match ou le suivant\u2026 C\u2019est un bon gardien. Notre jeu fait que nous jouons beaucoup avec notre gardien. Apprendre notre jeu n\u2019est pas facile en 4-5 jours. Je pense que R\u00e9my (Descamps) a tr\u00e8s bien fait les choses. Il a d\u00e9montr\u00e9 qu\u2019il est pr\u00eat pour jouer. On va voir\u2026\u00a0\u00bb<\/p>\n<p>Louis-Jean ouvre clairement la porte \u00e0 Nemanja Matic<\/p>\n<p>Concernant l\u2019\u00e9pineux dossier Nemanja Matic, absent du groupe face \u00e0 Getafe ce samedi et aper\u00e7u en tribune sur le match de Ligue Europa Conf\u00e9rence entre le Partizan Belgrade et Hibernian, Matthieu Louis-Jean\u00a0a \u00e9galement \u00e9t\u00e9 tr\u00e8s clair, entre reconnaissance pour l\u2019apport au club et envie de tourner la page\u00a0: \u00ab\u00a0Nema, c\u2019est un joueur qui nous a apport\u00e9 \u00e9norm\u00e9ment. Il est probablement arriv\u00e9 dans la pire p\u00e9riode de l\u2019Olympique Lyonnais. Gr\u00e2ce \u00e0 lui, on a fait quelque chose d\u2019extraordinaire sur la saison pr\u00e9c\u00e9dente. L\u2019an dernier aussi avec la qualif en Europa League. Apr\u00e8s, un nouveau coach est arriv\u00e9, un nouveau projet de jeu s\u2019est mis en place et l\u00e0 on est dans une situation o\u00f9 on essaie de trouver une solution qui soit bien pour tout le monde. Nous verrons ce qu\u2019il se passera dans les prochains jours, prochaines semaines\u00a0\u00bb.<\/p>\n<p>D\u00e9sireux d\u2019arriver \u00e0 une issue favorable sur la fin du Mercato pour le deuxi\u00e8me plus gros salaire de l\u2019effectif, le directeur technique de l\u2019OL n\u2019a pas voulu pol\u00e9miquer sur l\u2019escapade serbe de l\u2019ancien Mancunien, Romain et Rennais\u00a0: \u00ab Cela fait partie des discussions que nous avons eu avec Nema, avec le staff\u2026 C\u2019est un tr\u00e8s tr\u00e8s grand professionnel. Un joueur important. On a \u00e9norm\u00e9ment de respect pour Nema\u00a0\u00bb. Comme nous vous l\u2019indiquions pr\u00e9c\u00e9demment, une issue \u00e0 l\u2019amiable est esp\u00e9r\u00e9 avant la fin du Mercato. Nemanja Matic n\u2019\u00e9tant pas partant \u00e0 tout prix, avec une famille heureuse \u00e0 Lyon, il est probable que l\u2019OL soit amen\u00e9 \u00e0 compl\u00e9ter une partie du salaire du milieu de 37 ans si ce dernier venait \u00e0 s\u2019entendre avec un autre club (C\u00f4me\u00a0? Fenerbah\u00e7e\u00a0?).<\/p>\n","protected":false},"excerpt":{"rendered":"En marge de la rencontre entre l\u2019OL et Getafe ce samedi soir, Matthieu Louis-Jean (directeur technique) et Paulo&hellip;\n","protected":false},"author":2,"featured_media":308617,"comment_status":"","ping_status":"","sticky":false,"template":"","format":"standard","meta":{"footnotes":""},"categories":[1410],"tags":[11,448,63,1011,27,66,3388,12,60,10662],"class_list":{"0":"post-308616","1":"post","2":"type-post","3":"status-publish","4":"format-standard","5":"has-post-thumbnail","7":"category-football","8":"tag-actualites","9":"tag-champions-league","10":"tag-football","11":"tag-fr","12":"tag-france","13":"tag-ligue-1","14":"tag-matchs","15":"tag-news","16":"tag-sports","17":"tag-transferts"},"share_on_mastodon":{"url":"https:\/\/pubeurope.com\/@fr\/115002326693312049","error":""},"_links":{"self":[{"href":"https:\/\/www.europesays.com\/fr\/wp-json\/wp\/v2\/posts\/308616","targetHints":{"allow":["GET"]}}],"collection":[{"href":"https:\/\/www.europesays.com\/fr\/wp-json\/wp\/v2\/posts"}],"about":[{"href":"https:\/\/www.europesays.com\/fr\/wp-json\/wp\/v2\/types\/post"}],"author":[{"embeddable":true,"href":"https:\/\/www.europesays.com\/fr\/wp-json\/wp\/v2\/users\/2"}],"replies":[{"embeddable":true,"href":"https:\/\/www.europesays.com\/fr\/wp-json\/wp\/v2\/comments?post=308616"}],"version-history":[{"count":0,"href":"https:\/\/www.europesays.com\/fr\/wp-json\/wp\/v2\/posts\/308616\/revisions"}],"wp:featuredmedia":[{"embeddable":true,"href":"https:\/\/www.europesays.com\/fr\/wp-json\/wp\/v2\/media\/308617"}],"wp:attachment":[{"href":"https:\/\/www.europesays.com\/fr\/wp-json\/wp\/v2\/media?parent=308616"}],"wp:term":[{"taxonomy":"category","embeddable":true,"href":"https:\/\/www.europesays.com\/fr\/wp-json\/wp\/v2\/categories?post=308616"},{"taxonomy":"post_tag","embeddable":true,"href":"https:\/\/www.europesays.com\/fr\/wp-json\/wp\/v2\/tags?post=308616"}],"curies":[{"name":"wp","href":"https:\/\/api.w.org\/{rel}","templated":true}]}}