{"id":308620,"date":"2025-08-10T03:25:10","date_gmt":"2025-08-10T03:25:10","guid":{"rendered":"https:\/\/www.europesays.com\/fr\/308620\/"},"modified":"2025-08-10T03:25:10","modified_gmt":"2025-08-10T03:25:10","slug":"lecture-sur-la-route-des-reves-de-patricia-auriel","status":"publish","type":"post","link":"https:\/\/www.europesays.com\/fr\/308620\/","title":{"rendered":"Lecture : Sur la route des r\u00eaves de Patricia Auriel"},"content":{"rendered":"<p>Patricia Auriel encha\u00eene les s\u00e9ances de d\u00e9dicace. Parfois au d\u00e9tour d\u2019un \u00e9change, sa voix tremble et ses yeux se remplissent de larmes. L\u2019\u00e9motion de la Pins-Justar\u00e9toise est palpable quand Patricia raconte l\u2019histoire d\u2019Ang\u00e9lique, dont la mission professionnelle est de r\u00e9aliser les r\u00eaves des personnes \u00e2g\u00e9es. C\u2019est dans le cadre de l\u2019une de ses animations en EHPAD qu\u2019Ang\u00e9lique croise la route de Louise, \u00e9l\u00e9gante et myst\u00e9rieuse octog\u00e9naire. Les deux h\u00e9ro\u00efnes font route vers le P\u00e9rigord, r\u00e9gion natale de Louise pour tenter de r\u00e9aliser un souhait. Se r\u00e9alisera-t-il ? \u00c0 vous de le d\u00e9couvrir dans cet ouvrage sign\u00e9 Patricia Auriel. \u00ab\u00a0Rev\u2019Encore\u00a0\u00bb . \u00ab\u00a0\u00c9crire un roman, c\u2019\u00e9tait mon r\u00eave !\u00a0\u00bb avoue-t-elle \u00ab\u00a0sans toutefois y croire vraiment, comme quand on dit, un jour, je gagnerai au loto. En 2020, en vue d\u2019une \u00e9volution professionnelle, j\u2019ai pr\u00e9par\u00e9 un master en management et administration des entreprises, et j\u2019ai travaill\u00e9 sur la cr\u00e9ation d\u2019une structure qui aiderait les papys et mamies \u00e0 organiser et r\u00e9aliser leurs (derniers) r\u00eaves. Je me suis donc inspir\u00e9e de ce projet.\u00a0\u00bb<\/p>\n<p>    En P\u00e9rigord<\/p>\n<p>\u00ab\u00a0Une partie de l\u2019histoire se d\u00e9roule en P\u00e9rigord, c\u2019est l\u00e0 que j\u2019ai grandi et que j\u2019ai tiss\u00e9 mes souvenirs de petite fille, avec notamment, ma grand-m\u00e8re maternelle \u00c9liette. Elle m\u2019a servi de cobaye\u00a0\u00bb confie t-elle dans un sourire. J\u2019ai en effet r\u00e9dig\u00e9 sa biographie et \u00e0 l\u2019occasion de ses 95 ans, j\u2019ai remis le livre \u00e0 toute la famille.\u00a0\u00bb La vie de Patricia s\u2019\u00e9crit en belles lettres ; elle s\u2019est form\u00e9e au m\u00e9tier d\u2019\u00e9crivain-biographe et propose, avec Plume &amp; Souvenirs, ses services de biographie familiale. Un moyen de transmettre et parfois un moyen de se lib\u00e9rer d\u2019un poids ou d\u2019un secret. \u00ab\u00a0Je suis particuli\u00e8rement attentive \u00e0 cela. Il ne s\u2019agit pas de confession mais d\u2019une lib\u00e9ration pour beaucoup de personnes. Ce roman, ces biographies permettent aussi de changer le regard sur la personne \u00e2g\u00e9e, elle reprend toute sa place, se sent utile, valoris\u00e9e et cela me pla\u00eet\u00a0\u00bb Patricia nage pourtant en plein paradoxe : la joie d\u2019avoir publi\u00e9 son premier roman, et la peur de d\u00e9cevoir. \u00ab\u00a0Je suis tourment\u00e9e et f\u00e9brile \u00e0 l\u2019id\u00e9e d\u2019\u00eatre lue\u00a0\u00bb avoue-t-elle. Alors rassurez-la vite et n\u2019oubliez pas de r\u00eaver !<\/p>\n<p>Vous pourrez vous procurer le livre \u00ab\u00a0r\u00e9v\u2019encore\u00a0\u00bb aupr\u00e8s du d\u00e9p\u00f4t presse avenue de Villate \u00e0 Pins-Justaret ou \u00e0 la librairie de Muret \u00c0 demi-mot. Ce livre en auto-\u00e9dition est \u00e9galement disponible sous format num\u00e9rique sur diff\u00e9rentes plateformes notamment Bookelis, Fnac ou Cultura.<\/p>\n","protected":false},"excerpt":{"rendered":"Patricia Auriel encha\u00eene les s\u00e9ances de d\u00e9dicace. Parfois au d\u00e9tour d\u2019un \u00e9change, sa voix tremble et ses yeux&hellip;\n","protected":false},"author":2,"featured_media":308621,"comment_status":"","ping_status":"","sticky":false,"template":"","format":"standard","meta":{"footnotes":""},"categories":[1357],"tags":[1379,58,59,1011,27,1380],"class_list":{"0":"post-308620","1":"post","2":"type-post","3":"status-publish","4":"format-standard","5":"has-post-thumbnail","7":"category-livres","8":"tag-books","9":"tag-divertissement","10":"tag-entertainment","11":"tag-fr","12":"tag-france","13":"tag-livres"},"share_on_mastodon":{"url":"https:\/\/pubeurope.com\/@fr\/115002338590508701","error":""},"_links":{"self":[{"href":"https:\/\/www.europesays.com\/fr\/wp-json\/wp\/v2\/posts\/308620","targetHints":{"allow":["GET"]}}],"collection":[{"href":"https:\/\/www.europesays.com\/fr\/wp-json\/wp\/v2\/posts"}],"about":[{"href":"https:\/\/www.europesays.com\/fr\/wp-json\/wp\/v2\/types\/post"}],"author":[{"embeddable":true,"href":"https:\/\/www.europesays.com\/fr\/wp-json\/wp\/v2\/users\/2"}],"replies":[{"embeddable":true,"href":"https:\/\/www.europesays.com\/fr\/wp-json\/wp\/v2\/comments?post=308620"}],"version-history":[{"count":0,"href":"https:\/\/www.europesays.com\/fr\/wp-json\/wp\/v2\/posts\/308620\/revisions"}],"wp:featuredmedia":[{"embeddable":true,"href":"https:\/\/www.europesays.com\/fr\/wp-json\/wp\/v2\/media\/308621"}],"wp:attachment":[{"href":"https:\/\/www.europesays.com\/fr\/wp-json\/wp\/v2\/media?parent=308620"}],"wp:term":[{"taxonomy":"category","embeddable":true,"href":"https:\/\/www.europesays.com\/fr\/wp-json\/wp\/v2\/categories?post=308620"},{"taxonomy":"post_tag","embeddable":true,"href":"https:\/\/www.europesays.com\/fr\/wp-json\/wp\/v2\/tags?post=308620"}],"curies":[{"name":"wp","href":"https:\/\/api.w.org\/{rel}","templated":true}]}}