{"id":308624,"date":"2025-08-10T03:27:16","date_gmt":"2025-08-10T03:27:16","guid":{"rendered":"https:\/\/www.europesays.com\/fr\/308624\/"},"modified":"2025-08-10T03:27:16","modified_gmt":"2025-08-10T03:27:16","slug":"ils-recreent-lunivers-du-mythique-groupe-suedois-abba-story-promet-denflammer-la-guinguette-de-valence-dagen","status":"publish","type":"post","link":"https:\/\/www.europesays.com\/fr\/308624\/","title":{"rendered":"Ils recr\u00e9ent l\u2019univers du mythique groupe su\u00e9dois\u00a0: ABBA Story promet d\u2019enflammer la guinguette de Valence-d\u2019Agen"},"content":{"rendered":"<p>\n                                                                    l&rsquo;essentiel<br \/>\n                                                                Les fans d\u2019Abba ne manqueront pas la soir\u00e9e du samedi 9\u00a0ao\u00fbt 2025 \u00e0 Valence-d\u2019Agen (Tarn-et-Garonne). ABBA Story reprend les plus grands tubes du mythique groupe su\u00e9dois. C\u2019est \u00e0 vivre\u00a0\u00e0 la guinguette du port-canal avec d\u00e8s\u00a019\u00a0heures\u00a0le repas gourmand et le concert \u00e0 21\u00a0heures.\n                            <\/p>\n<p>Le samedi 9\u00a0ao\u00fbt 2025, la guinguette du port-canal \u00e0 Valence-d\u2019Agen (Tarn-et-Garonne) accueillera \u00e0 19\u00a0heures une soir\u00e9e exceptionnelle sous le signe de la musique et de la f\u00eate. En t\u00eate d\u2019affiche\u00a0: ABBA Story, un groupe tribute reconnu pour faire revivre avec fid\u00e9lit\u00e9 l\u2019univers du mythique quatuor su\u00e9dois. Avec leurs costumes flamboyants, leurs voix bluffantes et des chor\u00e9graphies d\u2019\u00e9poque, ils replongent le public dans l\u2019euphorie des ann\u00e9es 70 et 80. Le spectacle est interpr\u00e9t\u00e9 en live par deux chanteuses, deux chanteurs musiciens et deux musiciens.<\/p>\n<p>En premi\u00e8re partie, le public pourra applaudir In\u00e8s, finaliste de The Voice Kids 2018, aujourd\u2019hui \u00e2g\u00e9e de 18 ans et dot\u00e9e d\u2019un timbre de voix unique.<\/p>\n<p>La soir\u00e9e d\u00e9butera d\u00e8s 19\u00a0h avec le repas gourmand, propos\u00e9 par les habituels traiteurs du monde. Trois buvettes seront ouvertes\u00a0: le Caf\u00e9 du Nord, Le Cyrano et l\u2019Indus Caf\u00e9. Animations pour les jeunes, jeux et ch\u00e2teaux gonflables viendront compl\u00e9ter cette grande f\u00eate estivale.<\/p>\n<p>Informations au 05\u00a063\u00a039\u00a089\u00a082 ou sur le site https:\/\/www.officedetourismedesdeuxrives.fr\/<\/p>\n","protected":false},"excerpt":{"rendered":"l&rsquo;essentiel Les fans d\u2019Abba ne manqueront pas la soir\u00e9e du samedi 9\u00a0ao\u00fbt 2025 \u00e0 Valence-d\u2019Agen (Tarn-et-Garonne). ABBA Story&hellip;\n","protected":false},"author":2,"featured_media":308625,"comment_status":"","ping_status":"","sticky":false,"template":"","format":"standard","meta":{"footnotes":""},"categories":[1355],"tags":[58,59,1011,27,1361,873],"class_list":{"0":"post-308624","1":"post","2":"type-post","3":"status-publish","4":"format-standard","5":"has-post-thumbnail","7":"category-musique","8":"tag-divertissement","9":"tag-entertainment","10":"tag-fr","11":"tag-france","12":"tag-music","13":"tag-musique"},"share_on_mastodon":{"url":"https:\/\/pubeurope.com\/@fr\/115002346202835047","error":""},"_links":{"self":[{"href":"https:\/\/www.europesays.com\/fr\/wp-json\/wp\/v2\/posts\/308624","targetHints":{"allow":["GET"]}}],"collection":[{"href":"https:\/\/www.europesays.com\/fr\/wp-json\/wp\/v2\/posts"}],"about":[{"href":"https:\/\/www.europesays.com\/fr\/wp-json\/wp\/v2\/types\/post"}],"author":[{"embeddable":true,"href":"https:\/\/www.europesays.com\/fr\/wp-json\/wp\/v2\/users\/2"}],"replies":[{"embeddable":true,"href":"https:\/\/www.europesays.com\/fr\/wp-json\/wp\/v2\/comments?post=308624"}],"version-history":[{"count":0,"href":"https:\/\/www.europesays.com\/fr\/wp-json\/wp\/v2\/posts\/308624\/revisions"}],"wp:featuredmedia":[{"embeddable":true,"href":"https:\/\/www.europesays.com\/fr\/wp-json\/wp\/v2\/media\/308625"}],"wp:attachment":[{"href":"https:\/\/www.europesays.com\/fr\/wp-json\/wp\/v2\/media?parent=308624"}],"wp:term":[{"taxonomy":"category","embeddable":true,"href":"https:\/\/www.europesays.com\/fr\/wp-json\/wp\/v2\/categories?post=308624"},{"taxonomy":"post_tag","embeddable":true,"href":"https:\/\/www.europesays.com\/fr\/wp-json\/wp\/v2\/tags?post=308624"}],"curies":[{"name":"wp","href":"https:\/\/api.w.org\/{rel}","templated":true}]}}