{"id":308636,"date":"2025-08-10T03:35:19","date_gmt":"2025-08-10T03:35:19","guid":{"rendered":"https:\/\/www.europesays.com\/fr\/308636\/"},"modified":"2025-08-10T03:35:19","modified_gmt":"2025-08-10T03:35:19","slug":"a-lonu-lalgerie-confronte-israel-avec-des-photos-chocs","status":"publish","type":"post","link":"https:\/\/www.europesays.com\/fr\/308636\/","title":{"rendered":"\u00e0 l\u2019ONU, l\u2019Alg\u00e9rie confronte Isra\u00ebl avec des photos chocs"},"content":{"rendered":"<p>Amar Bendjama s\u2019est distingu\u00e9 une nouvelle fois \u00e0 l\u2019ONU en montrant \u00e0 l\u2019ambassadeur isra\u00e9lien les photos d\u2019enfants palestiniens morts ou squelettiques \u00e0 cause de la <a href=\"https:\/\/www.tsa-algerie.com\/images-terrifiantes-de-la-famine-a-gaza-lemoi-selectif-de-loccident\/\" target=\"_blank\" rel=\"noopener nofollow\">famine<\/a> impos\u00e9e par Isra\u00ebl \u00e0 l\u2019enclave palestinienne.<\/p>\n<p>Un geste \u00e9mouvant qui suscite de nombreuses r\u00e9actions sur les r\u00e9seaux sociaux. Alors que le gouvernement et ses partisans tentent de nier l\u2019existence de la famine \u00e0 Gaza, Amar Bendjama a confront\u00e9 mardi, lors d\u2019un d\u00e9bat au Conseil de s\u00e9curit\u00e9, le repr\u00e9sentant de l\u2019occupation avec des photos d\u2019enfants palestiniens dont il ne reste que les os \u00e0 cause du manque d\u2019eau et de nourriture.<\/p>\n<p><strong>Famine \u00e0 Gaza : Isra\u00ebl ment, l\u2019Alg\u00e9rie apporte des preuves<\/strong><\/p>\n<p>L\u2019enclave palestinienne est soumise depuis plusieurs mois \u00e0 un blocus inhumain de la part du gouvernement de Benyamin Netanyahu qui est en train de d\u00e9ployer la solution finale, \u00e0 savoir achever par la famine les Palestiniens qui \u00e9chappent aux bombardements de son arm\u00e9e, pour enfin reprendre le contr\u00f4le de Gaza. Un projet de colonisation qui a \u00e9t\u00e9 d\u00e9nonc\u00e9 par de nombreux pays.<\/p>\n<blockquote class=\"twitter-tweet\">\n<p dir=\"ltr\" lang=\"fr\">La photo de l\u2019ann\u00e9e !!!!!!!<br \/>Fier\u00b7e d\u2019\u00eatre du bon c\u00f4t\u00e9 de l\u2019Histoire.\ud83c\udde9\ud83c\uddff <a href=\"https:\/\/t.co\/cb8saV8Eec\" rel=\"nofollow\">pic.twitter.com\/cb8saV8Eec<\/a><\/p>\n<p>\u2014 Asmahane Bachir Bouaidjra (@Asbachirb) <a href=\"https:\/\/twitter.com\/Asbachirb\/status\/1953802270673346908?ref_src=twsrc%5Etfw\" rel=\"nofollow noopener\" target=\"_blank\">August 8, 2025<\/a><\/p>\n<\/blockquote>\n<p>Lors de son intervention poignante qui a fait pleurer la traductrice, Amar Bendjama a dit que \u00ab les largages a\u00e9riens ne sont pas une solution et on ne peut pas nourrir un peuple depuis le ciel, alors que la terre est ferm\u00e9e sous leurs pieds \u00bb.<\/p>\n<p>Le repr\u00e9sentant de l\u2019Alg\u00e9rie a affirm\u00e9 que ce \u00e0 quoi le monde assiste \u00ab n\u2019est pas une co\u00efncidence, mais c\u2019est un g\u00e9nocide syst\u00e9matique (\u2026) comme l\u2019avaient attest\u00e9 les travailleurs dans le domaine humanitaire et le monde entier et avec cela l\u2019on ose le d\u00e9nier \u00bb.<\/p>\n<p>Il a r\u00e9clam\u00e9 l\u2019ouverture de \u00ab tous les passages, toutes les routes et tous les domaines de vie \u00bb, et a accus\u00e9 Isra\u00ebl d\u2019avoir coup\u00e9 \u00ab la nourriture, l\u2019eau, l\u2019\u00e9lectricit\u00e9 et les m\u00e9dicaments \u00bb aux Palestiniens de Gaza.<\/p>\n<p>M. Bendjama a indiqu\u00e9 que plus de 1.500 Palestiniens ont succomb\u00e9 \u00e0 la famine \u00e0 Gaza depuis mars dernier. \u00ab Ils \u00e9taient \u00e0 la recherche de nourriture \u00bb, a-t-il assen\u00e9.<\/p>\n<\/p>\n<p><strong>SUR LE M\u00caME SUJET :<\/strong><\/p>\n<p><a href=\"https:\/\/www.tsa-algerie.com\/a-gaza-les-gens-seffondrent-de-faim-dans-la-rue\/\" target=\"_blank\" rel=\"noopener nofollow\">\u00c0 Gaza, les gens s\u2019effondrent de faim dans la rue<\/a><\/p>\n<p>            <script async src=\"https:\/\/platform.twitter.com\/widgets.js\" charset=\"utf-8\"><\/script><\/p>\n","protected":false},"excerpt":{"rendered":"Amar Bendjama s\u2019est distingu\u00e9 une nouvelle fois \u00e0 l\u2019ONU en montrant \u00e0 l\u2019ambassadeur isra\u00e9lien les photos d\u2019enfants palestiniens&hellip;\n","protected":false},"author":2,"featured_media":308637,"comment_status":"","ping_status":"","sticky":false,"template":"","format":"standard","meta":{"footnotes":""},"categories":[5],"tags":[11,1011,27,14,12,28],"class_list":{"0":"post-308636","1":"post","2":"type-post","3":"status-publish","4":"format-standard","5":"has-post-thumbnail","7":"category-international","8":"tag-actualites","9":"tag-fr","10":"tag-france","11":"tag-international","12":"tag-news","13":"tag-world"},"share_on_mastodon":{"url":"https:\/\/pubeurope.com\/@fr\/115002377819483622","error":""},"_links":{"self":[{"href":"https:\/\/www.europesays.com\/fr\/wp-json\/wp\/v2\/posts\/308636","targetHints":{"allow":["GET"]}}],"collection":[{"href":"https:\/\/www.europesays.com\/fr\/wp-json\/wp\/v2\/posts"}],"about":[{"href":"https:\/\/www.europesays.com\/fr\/wp-json\/wp\/v2\/types\/post"}],"author":[{"embeddable":true,"href":"https:\/\/www.europesays.com\/fr\/wp-json\/wp\/v2\/users\/2"}],"replies":[{"embeddable":true,"href":"https:\/\/www.europesays.com\/fr\/wp-json\/wp\/v2\/comments?post=308636"}],"version-history":[{"count":0,"href":"https:\/\/www.europesays.com\/fr\/wp-json\/wp\/v2\/posts\/308636\/revisions"}],"wp:featuredmedia":[{"embeddable":true,"href":"https:\/\/www.europesays.com\/fr\/wp-json\/wp\/v2\/media\/308637"}],"wp:attachment":[{"href":"https:\/\/www.europesays.com\/fr\/wp-json\/wp\/v2\/media?parent=308636"}],"wp:term":[{"taxonomy":"category","embeddable":true,"href":"https:\/\/www.europesays.com\/fr\/wp-json\/wp\/v2\/categories?post=308636"},{"taxonomy":"post_tag","embeddable":true,"href":"https:\/\/www.europesays.com\/fr\/wp-json\/wp\/v2\/tags?post=308636"}],"curies":[{"name":"wp","href":"https:\/\/api.w.org\/{rel}","templated":true}]}}