{"id":308638,"date":"2025-08-10T03:36:15","date_gmt":"2025-08-10T03:36:15","guid":{"rendered":"https:\/\/www.europesays.com\/fr\/308638\/"},"modified":"2025-08-10T03:36:15","modified_gmt":"2025-08-10T03:36:15","slug":"on-en-sait-plus-sur-laccident-qui-a-fait-trois-morts-a-brix","status":"publish","type":"post","link":"https:\/\/www.europesays.com\/fr\/308638\/","title":{"rendered":"On en sait plus sur l\u2019accident qui a fait trois morts \u00e0 Brix"},"content":{"rendered":"<p>            Par<br \/>\n        <strong><br \/>\n            <a href=\"https:\/\/actu.fr\/auteur\/vincent-nael\" title=\"Consulter tous les articles de Vincent NAEL\" rel=\"nofollow noopener\" target=\"_blank\">Vincent NAEL<\/a><br \/>\n        <\/strong><\/p>\n<p>        Publi\u00e9 le<\/p>\n<p>            9 ao\u00fbt 2025 \u00e0 17h13        <\/p>\n<p><a href=\"https:\/\/actu.fr\/normandie\/brix_50087\/trois-morts-dans-un-accident-de-la-route-une-route-departementale-fermee-a-la-circulation_63018527.html\" rel=\"nofollow noopener\" target=\"_blank\">Les personnes d\u00e9c\u00e9d\u00e9es dans l\u2019accident <\/a>qui a eu lieu route des Pierres Blanches, \u00e0 <a href=\"https:\/\/actu.fr\/normandie\/brix_50087\" rel=\"nofollow noopener\" target=\"_blank\">Brix<\/a> (Manche), vers 7\u2009h\u200955 ce samedi 9\u00a0ao\u00fbt 2025 sont <b>une femme et deux hommes \u00e2g\u00e9s d\u2019une vingtaine d\u2019ann\u00e9es.<\/b><\/p>\n<p class=\" wall-content\">\u00ab\u2009Ce sont <b>des locaux mais ils ne sont pas de la commune<\/b>\u2009\u00bb, pr\u00e9cise un gendarme \u00e0 La Presse de la Manche.<\/p>\n<p>Ils rentraient chez eux apr\u00e8s une soir\u00e9e<\/p>\n<p class=\" wall-content\"><b>Une seule voiture<\/b> est impliqu\u00e9e. Les victimes \u00ab \u00e9taient <b>toutes dans le m\u00eame v\u00e9hicule<\/b>, qui, pour une raison qu\u2019on ignore encore, a <b>quitt\u00e9 la route et a termin\u00e9 dans un jardin<\/b>\u2009\u00bb, a d\u00e9clar\u00e9 \u00e0 l\u2019AFP Jean Rampon, sous-pr\u00e9fet de<a href=\"https:\/\/actu.fr\/normandie\/cherbourg-en-cotentin_50129\" rel=\"nofollow noopener\" target=\"_blank\"> Cherbourg<\/a>. \u00ab\u2009C\u2019\u00e9taient des jeunes qui avaient pass\u00e9 la <b>soir\u00e9e chez des amis et qui rentraient chez eux.<\/b> C\u2019est un v\u00e9ritable drame.\u2009\u00bb<\/p>\n<p>Une enqu\u00eate ouverte<\/p>\n<p class=\" wall-content\">Une enqu\u00eate, confi\u00e9e \u00e0 la gendarmerie, a \u00e9t\u00e9 <b>ouverte<\/b> pour \u00ab<b>\u2009d\u00e9terminer les circonstances <\/b>de cet accident\u2009\u00bb, annonce une source proche du dossier.<\/p>\n<p class=\" wall-content\">Si \u00ab\u2009quelques accidents\u2009\u00bb ont eu lieu sur cette route, elle n\u2019est \u00ab\u2009<b>pas particuli\u00e8rement accidentog\u00e8ne<\/b>\u2009\u00bb, selon la maire de Brix, Sophie Buhot.<\/p>\n<p class=\" wall-content\">Suivez toute l\u2019actualit\u00e9 de vos villes et m\u00e9dias favoris en vous inscrivant \u00e0 <a href=\"https:\/\/moncompte.actu.fr\" title=\"D\u00e9couvez Mon Actu\" rel=\"nofollow noopener\" data-trk=\"{&quot;cta&quot;:{&quot;action&quot;:&quot;https:\\\/\\\/moncompte.actu.fr&quot;,&quot;category&quot;:&quot;mon compte&quot;,&quot;from&quot;:&quot;article footer&quot;,&quot;name&quot;:&quot;Mon actu&quot;,&quot;type&quot;:&quot;cta&quot;}}\" target=\"_blank\">Mon Actu<\/a>.<\/p>\n","protected":false},"excerpt":{"rendered":"Par Vincent NAEL Publi\u00e9 le 9 ao\u00fbt 2025 \u00e0 17h13 Les personnes d\u00e9c\u00e9d\u00e9es dans l\u2019accident qui a eu&hellip;\n","protected":false},"author":2,"featured_media":308639,"comment_status":"","ping_status":"","sticky":false,"template":"","format":"standard","meta":{"footnotes":""},"categories":[4],"tags":[119,11,3168,118,1011,27,12,1311,25],"class_list":{"0":"post-308638","1":"post","2":"type-post","3":"status-publish","4":"format-standard","5":"has-post-thumbnail","7":"category-france","8":"tag-accident","9":"tag-actualites","10":"tag-cotentin","11":"tag-faits-divers","12":"tag-fr","13":"tag-france","14":"tag-news","15":"tag-pompiers","16":"tag-republique-francaise"},"share_on_mastodon":{"url":"https:\/\/pubeurope.com\/@fr\/115002381719479431","error":""},"_links":{"self":[{"href":"https:\/\/www.europesays.com\/fr\/wp-json\/wp\/v2\/posts\/308638","targetHints":{"allow":["GET"]}}],"collection":[{"href":"https:\/\/www.europesays.com\/fr\/wp-json\/wp\/v2\/posts"}],"about":[{"href":"https:\/\/www.europesays.com\/fr\/wp-json\/wp\/v2\/types\/post"}],"author":[{"embeddable":true,"href":"https:\/\/www.europesays.com\/fr\/wp-json\/wp\/v2\/users\/2"}],"replies":[{"embeddable":true,"href":"https:\/\/www.europesays.com\/fr\/wp-json\/wp\/v2\/comments?post=308638"}],"version-history":[{"count":0,"href":"https:\/\/www.europesays.com\/fr\/wp-json\/wp\/v2\/posts\/308638\/revisions"}],"wp:featuredmedia":[{"embeddable":true,"href":"https:\/\/www.europesays.com\/fr\/wp-json\/wp\/v2\/media\/308639"}],"wp:attachment":[{"href":"https:\/\/www.europesays.com\/fr\/wp-json\/wp\/v2\/media?parent=308638"}],"wp:term":[{"taxonomy":"category","embeddable":true,"href":"https:\/\/www.europesays.com\/fr\/wp-json\/wp\/v2\/categories?post=308638"},{"taxonomy":"post_tag","embeddable":true,"href":"https:\/\/www.europesays.com\/fr\/wp-json\/wp\/v2\/tags?post=308638"}],"curies":[{"name":"wp","href":"https:\/\/api.w.org\/{rel}","templated":true}]}}