{"id":308642,"date":"2025-08-10T03:39:59","date_gmt":"2025-08-10T03:39:59","guid":{"rendered":"https:\/\/www.europesays.com\/fr\/308642\/"},"modified":"2025-08-10T03:39:59","modified_gmt":"2025-08-10T03:39:59","slug":"ligue-2-pau-premier-leader-de-la-saison-belle-bagarre-entre-laval-et-sainte-ligue-2-j1-resume","status":"publish","type":"post","link":"https:\/\/www.europesays.com\/fr\/308642\/","title":{"rendered":"Ligue 2 : Pau premier leader de la saison, belle bagarre entre Laval et Saint\u00e9 &#8211; Ligue 2 &#8211; J1 &#8211; R\u00e9sum\u00e9"},"content":{"rendered":"<p>Apr\u00e8s une journ\u00e9e disput\u00e9e, il est beaucoup trop t\u00f4t pour tirer des conclusions. C\u2019est donc exactement ce qu\u2019on va faire.<\/p>\n<p>Ce samedi soir, avant la rencontre entre Amiens et Reims dans deux jours, le leader de Ligue 2 s\u2019appelle Pau, vainqueur plut\u00f4t logiquement et tranquillement d\u2019Annecy <strong>(2-0)<\/strong>, \u00e0 domicile. Et seules deux \u00e9quipes se partagent la t\u00eate puisqu\u2019\u00e0 c\u00f4t\u00e9 de la victoire troyenne sur Grenoble <strong>(2-1)<\/strong>, nous n\u2019avons eu le droit qu\u2019\u00e0 des matchs nuls, en plus de <a target=\"_blank\" href=\"https:\/\/www.sofoot.com\/breves\/ligue-2-un-finish-de-fou-furieux-et-un-match-nul-entre-guingamp-et-le-mans\" rel=\"noopener nofollow\">celui qu\u2019avaient offert Guingamp et Le Mans dans l\u2019apr\u00e8s-midi<\/a>.<\/p>\n<blockquote class=\"twitter-tweet-lazy\">\n<p dir=\"ltr\" lang=\"fr\">[LIVE] \u26bd\ufe0f <a target=\"_blank\" href=\"https:\/\/twitter.com\/hashtag\/Ligue2BKT?src=hash&amp;ref_src=twsrc%5Etfw\" rel=\"nofollow noopener\">#Ligue2BKT<\/a><\/p>\n<p>\ud83c\udfc6 Le but du Multi ! Sign\u00e9 Damien Durand \u26bd<a target=\"_blank\" href=\"https:\/\/twitter.com\/hashtag\/interview?src=hash&amp;ref_src=twsrc%5Etfw\" rel=\"nofollow noopener\">#interview<\/a> <a target=\"_blank\" href=\"https:\/\/t.co\/FRZ0Dd9bIs\" rel=\"nofollow\">pic.twitter.com\/FRZ0Dd9bIs<\/a><\/p>\n<p>\u2014 beIN SPORTS (@beinsports_FR) <a target=\"_blank\" href=\"https:\/\/twitter.com\/beinsports_FR\/status\/1954277830440734845?ref_src=twsrc%5Etfw\" rel=\"nofollow noopener\">August 9, 2025<\/a><\/p>\n<\/blockquote>\n<p>Une premi\u00e8re m\u00e9morable pour Ethan Clavreul<\/p>\n<p>La belle histoire du week-end ? Le Lavallois Ethan Clavreul, 19 ans et qui pour sa premi\u00e8re entr\u00e9e en professionnel, a \u00e9galis\u00e9 apr\u00e8s seulement quatre minutes pass\u00e9es sur la pelouse. L\u2019\u00e9pilogue d\u2019une belle partie entre les Tango et le rel\u00e9gu\u00e9 st\u00e9phanois <strong>(3-3)<\/strong>, durant laquelle l\u2019immense Malik Tchokount\u00e9, bient\u00f4t 37 ans, s\u2019est illustr\u00e9 deux fois (16e, 41e sur penalty). Montpellier, de son c\u00f4t\u00e9, n\u2019a pas fait mieux contre le Red Star <strong>(1-1)<\/strong>.<\/p>\n<blockquote class=\"twitter-tweet-lazy\">\n<p dir=\"ltr\" lang=\"fr\">[LIVE] \u26bd\ufe0f <a target=\"_blank\" href=\"https:\/\/twitter.com\/hashtag\/Ligue2BKT?src=hash&amp;ref_src=twsrc%5Etfw\" rel=\"nofollow noopener\">#Ligue2BKT<\/a><\/p>\n<p>\ud83c\udf99\ufe0f Ethan Clavreul : \u00ab\u00a0Quand je marque, je ne sais m\u00eame pas quoi faire [\u2026] je n\u2019entends plus rien.\u00a0\u00bb<a target=\"_blank\" href=\"https:\/\/twitter.com\/hashtag\/interview?src=hash&amp;ref_src=twsrc%5Etfw\" rel=\"nofollow noopener\">#interview<\/a> <a target=\"_blank\" href=\"https:\/\/t.co\/qWeYch0PMf\" rel=\"nofollow\">pic.twitter.com\/qWeYch0PMf<\/a><\/p>\n<p>\u2014 beIN SPORTS (@beinsports_FR) <a target=\"_blank\" href=\"https:\/\/twitter.com\/beinsports_FR\/status\/1954277308631482430?ref_src=twsrc%5Etfw\" rel=\"nofollow noopener\">August 9, 2025<\/a><\/p>\n<\/blockquote>\n<p>Le d\u00e9but, esp\u00e9rons-le, d\u2019une saison frisson.<\/p>\n<p><img decoding=\"async\" loading=\"lazy\" class=\"blason blason-grand\" src=\"https:\/\/www.europesays.com\/fr\/wp-content\/uploads\/2025\/08\/1754797192_216_grande.jpg\"\/>Dunkerque 2-2 Clermont <img decoding=\"async\" loading=\"lazy\" class=\"blason blason-grand\" src=\"https:\/\/www.europesays.com\/fr\/wp-content\/uploads\/2025\/08\/1754797193_790_grande.jpg\"\/><\/p>\n<p>Buts : Sekongo (7e) &amp; Bardeli (64e) pour Dunkerque \/\/ Diedhiou (16e SP) &amp; Saivet (29e) pour Clermont<\/p>\n<p><img decoding=\"async\" loading=\"lazy\" class=\"blason blason-grand\" src=\"https:\/\/www.europesays.com\/fr\/wp-content\/uploads\/2025\/08\/1754797193_234_grande.jpg\"\/> Laval 3-3 Saint-Etienne <img decoding=\"async\" loading=\"lazy\" class=\"blason blason-grand\" src=\"https:\/\/www.europesays.com\/fr\/wp-content\/uploads\/2025\/05\/1746321787_489_grande.jpg\"\/><\/p>\n<p>Buts : Tchokount\u00e9 (16e &amp; 41e) &amp; E. Clavreul (87e) pour Laval \/\/ Cardona (27e), Boakye (35e) &amp; Old (51e) pour l\u2019ASSE<\/p>\n<p>Expulsion : Pellenard (90e+6) pour Laval<\/p>\n<p><img decoding=\"async\" loading=\"lazy\" class=\"blason blason-grand\" src=\"https:\/\/www.europesays.com\/fr\/wp-content\/uploads\/2025\/04\/1744694118_397_grande.jpg\"\/> Montpellier 1-1 Red Star <img decoding=\"async\" loading=\"lazy\" class=\"blason blason-grand\" src=\"https:\/\/www.europesays.com\/fr\/wp-content\/uploads\/2025\/08\/1754797196_716_grande.jpg\"\/><\/p>\n<p>Buts : Omeragi\u0107 (38e) pour le MHSC \/\/ Durand (11e) pour l\u2019\u00c9toile rouge<\/p>\n<p><img decoding=\"async\" loading=\"lazy\" class=\"blason blason-grand\" src=\"https:\/\/www.europesays.com\/fr\/wp-content\/uploads\/2025\/04\/1745712671_738_grande.jpg\"\/> Pau 2-0 Annecy <img decoding=\"async\" loading=\"lazy\" class=\"blason blason-grand\" src=\"https:\/\/www.europesays.com\/fr\/wp-content\/uploads\/2025\/08\/1754797197_457_grande.jpg\"\/><\/p>\n<p>Buts : Meddah (8e) &amp; Sadik (79e SP) pour Pau<\/p>\n<p>Expulsion : Tiendr\u00e9b\u00e9ogo (45e+4) pour Annecy<\/p>\n<p><img decoding=\"async\" loading=\"lazy\" class=\"blason blason-grand\" src=\"https:\/\/www.europesays.com\/fr\/wp-content\/uploads\/2025\/08\/1754797198_725_grande.jpg\"\/> Rodez 0-0 Nancy <img decoding=\"async\" loading=\"lazy\" class=\"blason blason-grand\" src=\"https:\/\/www.europesays.com\/fr\/wp-content\/uploads\/2025\/08\/1754797198_209_grande.jpg\"\/><br \/>\n<img decoding=\"async\" loading=\"lazy\" class=\"blason blason-grand\" src=\"https:\/\/www.europesays.com\/fr\/wp-content\/uploads\/2025\/08\/1754797199_20_grande.jpg\"\/> Troyes 2-1 Grenoble <img decoding=\"async\" loading=\"lazy\" class=\"blason blason-grand\" src=\"https:\/\/www.europesays.com\/fr\/wp-content\/uploads\/2025\/04\/1744621099_274_grande.jpg\"\/><\/p>\n<p>Buts : Assoumou (8e) &amp; Adeline (75e) pour l\u2019ESTAC \/\/ Bangr\u00e9 (34e) pour le GF38<\/p>\n<p>Expulsion : Bangr\u00e9 (45e) pour le GF38<\/p>\n<p>\t\t\t\t\t\t\t\t\t\t<a class=\"lien-connexe\" href=\"https:\/\/www.sofoot.com\/breves\/mercato-le-pau-fc-signe-un-gardien-en-provenance-de-lac-milan\" rel=\"nofollow noopener\" target=\"_blank\">Pau recrute un gardien de l\u2019AC Milan<\/a>\t\t\t\t\t<script async src=\"https:\/\/platform.twitter.com\/widgets.js\" charset=\"utf-8\"><\/script><\/p>\n","protected":false},"excerpt":{"rendered":"Apr\u00e8s une journ\u00e9e disput\u00e9e, il est beaucoup trop t\u00f4t pour tirer des conclusions. C\u2019est donc exactement ce qu\u2019on&hellip;\n","protected":false},"author":2,"featured_media":308643,"comment_status":"","ping_status":"","sticky":false,"template":"","format":"standard","meta":{"footnotes":""},"categories":[9653],"tags":[1111,47,11,61,2430,69,65,64,1777,674,63,1011,27,68,66,12,62,70,25,4001,67],"class_list":{"0":"post-308642","1":"post","2":"type-post","3":"status-publish","4":"format-standard","5":"has-post-thumbnail","7":"category-saint-etienne","8":"tag-actu","9":"tag-actualite","10":"tag-actualites","11":"tag-actus-football","12":"tag-auvergne-rhone-alpes","13":"tag-bundesliga","14":"tag-championnats-europeens","15":"tag-equipe-de-france","16":"tag-eu","17":"tag-europe","18":"tag-football","19":"tag-fr","20":"tag-france","21":"tag-ligua","22":"tag-ligue-1","23":"tag-news","24":"tag-news-foot","25":"tag-premier-league","26":"tag-republique-francaise","27":"tag-saint-etienne","28":"tag-serie-a"},"share_on_mastodon":{"url":"https:\/\/pubeurope.com\/@fr\/115002398276594643","error":""},"_links":{"self":[{"href":"https:\/\/www.europesays.com\/fr\/wp-json\/wp\/v2\/posts\/308642","targetHints":{"allow":["GET"]}}],"collection":[{"href":"https:\/\/www.europesays.com\/fr\/wp-json\/wp\/v2\/posts"}],"about":[{"href":"https:\/\/www.europesays.com\/fr\/wp-json\/wp\/v2\/types\/post"}],"author":[{"embeddable":true,"href":"https:\/\/www.europesays.com\/fr\/wp-json\/wp\/v2\/users\/2"}],"replies":[{"embeddable":true,"href":"https:\/\/www.europesays.com\/fr\/wp-json\/wp\/v2\/comments?post=308642"}],"version-history":[{"count":0,"href":"https:\/\/www.europesays.com\/fr\/wp-json\/wp\/v2\/posts\/308642\/revisions"}],"wp:featuredmedia":[{"embeddable":true,"href":"https:\/\/www.europesays.com\/fr\/wp-json\/wp\/v2\/media\/308643"}],"wp:attachment":[{"href":"https:\/\/www.europesays.com\/fr\/wp-json\/wp\/v2\/media?parent=308642"}],"wp:term":[{"taxonomy":"category","embeddable":true,"href":"https:\/\/www.europesays.com\/fr\/wp-json\/wp\/v2\/categories?post=308642"},{"taxonomy":"post_tag","embeddable":true,"href":"https:\/\/www.europesays.com\/fr\/wp-json\/wp\/v2\/tags?post=308642"}],"curies":[{"name":"wp","href":"https:\/\/api.w.org\/{rel}","templated":true}]}}