{"id":308644,"date":"2025-08-10T03:41:14","date_gmt":"2025-08-10T03:41:14","guid":{"rendered":"https:\/\/www.europesays.com\/fr\/308644\/"},"modified":"2025-08-10T03:41:14","modified_gmt":"2025-08-10T03:41:14","slug":"nancy-le-parc-de-la-cure-dair-un-ecrin-de-verdure-charge-dhistoire-qui-en-met-plein-la-vue","status":"publish","type":"post","link":"https:\/\/www.europesays.com\/fr\/308644\/","title":{"rendered":"Nancy. Le parc de la Cure d\u2019Air, un \u00e9crin de verdure charg\u00e9 d\u2019histoire qui en met plein la vue"},"content":{"rendered":"<p>  Un brin d\u2019histoire<\/p>\n<p>C\u2019est en 1900 que le parc de la cure d\u2019Air voit le jour <a href=\"https:\/\/www.estrepublicain.fr\/culture-loisirs\/2020\/02\/11\/savez-vous-pourquoi-un-parc-offre-une-cure-d-air\" target=\"_blank\" rel=\"noopener\">\u00e0 l\u2019initiative d\u2019un ancien aum\u00f4nier militaire, l\u2019Abb\u00e9 Girard<\/a> , qui souhaitait cr\u00e9er une maison de repos et de convalescence au milieu des vignes et des p\u00e2turages. Avec l\u2019aide d\u2019un groupe d\u2019actionnaires compos\u00e9 de commer\u00e7ants et de professionnels de sant\u00e9, la cure d\u2019air Saint-Antoine est inaugur\u00e9e. Un an plus tard, la guinguette Hall-Buffet est cr\u00e9\u00e9e puis un funiculaire est install\u00e9 en 1905. <a href=\"https:\/\/www.estrepublicain.fr\/culture-loisirs\/2021\/05\/23\/savez-vous-ou-a-eu-lieu-un-accident-de-funiculaire-sur-nancy\" target=\"_blank\" rel=\"noopener\">Il fermera trois ans plus tard suite \u00e0 un accident tragique<\/a>. En 1924, le site est acquis par les s\u0153urs de la Visitation qui en font un monast\u00e8re. Cons\u00e9quence ? Le parc et la guinguette sont ferm\u00e9s. Apr\u00e8s le d\u00e9part des s\u0153urs, la ville de Nancy ach\u00e8te la propri\u00e9t\u00e9 et rouvre le parc au public en 1992. On y acc\u00e8de aujourd\u2019hui par l\u2019escalier de la cure d\u2019Air (rue du chemin blanc) et ses 113 marches \u00ab tire-jarrets \u00bb ou par la rue Marquette et le sentier des vignes.<\/p>\n<p>  Les tr\u00e9sors verts<\/p>\n<p>V\u00e9ritable poumon vert situ\u00e9 sur les hauteurs de Nancy, le parc de la cure d\u2019Air s\u2019\u00e9tend sur 2,5 hectares. Il fait la part belle aux arbres fruitiers avec de multiples vari\u00e9t\u00e9s de pommiers, pruniers, cerisiers et poiriers mais \u00e9galement des cognassiers, noisetiers, noyers, groseilliers\u2026 120 arbres fruitiers ont notamment remplac\u00e9 des arbres abattus lors de la terrible temp\u00eate de 1999. La partie bois\u00e9e du parc est constitu\u00e9e de fr\u00eanes, h\u00eatres, \u00e9rables et ifs.<\/p>\n<p>  Mais aussi\u2026<\/p>\n<p>La cure d\u2019Air doit aussi sa renomm\u00e9e \u00e0 <a href=\"https:\/\/www.estrepublicain.fr\/culture-loisirs\/2025\/06\/21\/la-guinguette-du-parc-de-la-cure-d-air-a-nancy-une-bulle-pour-changer-d-ere\" target=\"_blank\" rel=\"noopener\">sa guinguette<\/a> , qui fait le bonheur des amateurs l\u2019\u00e9t\u00e9. Install\u00e9 juste \u00e0 c\u00f4te du point de vue panoramique, l\u2019arbre \u00e0 livres ravit \u00e9galement les visiteurs alors qu\u2019un peu plus loin, l\u2019aire de jeux est un \u00ab\u2002must \u00bb pour les enfants. A noter que la riche histoire du site se d\u00e9cline dans tout le parc \u00e0 travers une signal\u00e9tique install\u00e9e en 2011. On y trouve \u00e9galement de nombreuses indications sur la flore du parc. Un bon moyen de s\u2019instruire au grand air\u2026<\/p>\n<p>  Pourquoi les Nanc\u00e9iens l\u2019aiment\u2026<\/p>\n<p>Quand on demande aux visiteurs ce qui leur plait dans ce parc, un mot revient : la vue. Le parc offre il est vrai un spectaculaire panorama sur Nancy. \u00ab\u2002La vue est tr\u00e8s sympa sourit Fran\u00e7oise, retrait\u00e9e revenue vivre \u00e0 Nancy, elle se m\u00e9rite mais au moins, cela fait faire de l\u2019activit\u00e9 physique \u00bb. \u00ab\u2002On est du Sud et on est venus ici un peu par hasard en regardant une carte, c\u2019est vrai que la vue est tr\u00e8s belle \u00bb, confient Gis\u00e8le et Kevin, la trentaine, en admirant le paysage. \u00ab On conna\u00eet le parc depuis une trentaine d\u2019ann\u00e9es, on y vient souvent glissent V\u00e9ronique et Thierry, c\u2019est un peu moins confidentiel que par le pass\u00e9 mais il est bien pr\u00e9serv\u00e9. Il fait un peu jardin de particulier. Dans le temps, il y avait un terrain de quilles, on venait avec nos enfants. On a l\u2019impression que c\u2019est presque chez nous \u00bb. \u00ab J\u2019adore ce parc \u00bb, ajoute Chantal, retrait\u00e9e venue en voisine au parc avec ses petits-enfants, c\u2019est verdoyant, il y a beaucoup d\u2019arbres, c\u2019est bien am\u00e9nag\u00e9. C\u2019est un poumon dans le quartier\u2002\u00bb\u2026<\/p>\n<p class=\"note\">Le parc est ouvert tous les jours de 8 h \u00e0 21 h en juillet et en ao\u00fbt, de 8 h \u00e0 20 h en juin, de 8 h \u00e0 19\u2002h en avril, mai et septembre, de 8 h \u00e0 18 h en mars, de 8 h \u00e0 17\u2002h d\u2019octobre \u00e0 fin f\u00e9vrier.<\/p>\n","protected":false},"excerpt":{"rendered":"Un brin d\u2019histoire C\u2019est en 1900 que le parc de la cure d\u2019Air voit le jour \u00e0 l\u2019initiative&hellip;\n","protected":false},"author":2,"featured_media":308645,"comment_status":"","ping_status":"","sticky":false,"template":"","format":"standard","meta":{"footnotes":""},"categories":[9635],"tags":[1111,11,1704,436,1777,674,1011,27,775,3457,1702,1703,12,25],"class_list":{"0":"post-308644","1":"post","2":"type-post","3":"status-publish","4":"format-standard","5":"has-post-thumbnail","7":"category-nancy","8":"tag-actu","9":"tag-actualites","10":"tag-edition-nancy-et-agglomeration","11":"tag-environnement","12":"tag-eu","13":"tag-europe","14":"tag-fr","15":"tag-france","16":"tag-grand-est","17":"tag-meurthe-et-moselle","18":"tag-nancy","19":"tag-nancy-ville-54b","20":"tag-news","21":"tag-republique-francaise"},"share_on_mastodon":{"url":"https:\/\/pubeurope.com\/@fr\/115002401333989316","error":""},"_links":{"self":[{"href":"https:\/\/www.europesays.com\/fr\/wp-json\/wp\/v2\/posts\/308644","targetHints":{"allow":["GET"]}}],"collection":[{"href":"https:\/\/www.europesays.com\/fr\/wp-json\/wp\/v2\/posts"}],"about":[{"href":"https:\/\/www.europesays.com\/fr\/wp-json\/wp\/v2\/types\/post"}],"author":[{"embeddable":true,"href":"https:\/\/www.europesays.com\/fr\/wp-json\/wp\/v2\/users\/2"}],"replies":[{"embeddable":true,"href":"https:\/\/www.europesays.com\/fr\/wp-json\/wp\/v2\/comments?post=308644"}],"version-history":[{"count":0,"href":"https:\/\/www.europesays.com\/fr\/wp-json\/wp\/v2\/posts\/308644\/revisions"}],"wp:featuredmedia":[{"embeddable":true,"href":"https:\/\/www.europesays.com\/fr\/wp-json\/wp\/v2\/media\/308645"}],"wp:attachment":[{"href":"https:\/\/www.europesays.com\/fr\/wp-json\/wp\/v2\/media?parent=308644"}],"wp:term":[{"taxonomy":"category","embeddable":true,"href":"https:\/\/www.europesays.com\/fr\/wp-json\/wp\/v2\/categories?post=308644"},{"taxonomy":"post_tag","embeddable":true,"href":"https:\/\/www.europesays.com\/fr\/wp-json\/wp\/v2\/tags?post=308644"}],"curies":[{"name":"wp","href":"https:\/\/api.w.org\/{rel}","templated":true}]}}