{"id":308650,"date":"2025-08-10T03:52:56","date_gmt":"2025-08-10T03:52:56","guid":{"rendered":"https:\/\/www.europesays.com\/fr\/308650\/"},"modified":"2025-08-10T03:52:56","modified_gmt":"2025-08-10T03:52:56","slug":"les-supporters-marseillais-autorises-a-se-deplacer-en-nombre-pour-la-reprise-de-la-ligue-1","status":"publish","type":"post","link":"https:\/\/www.europesays.com\/fr\/308650\/","title":{"rendered":"les supporters marseillais autoris\u00e9s \u00e0 se d\u00e9placer en nombre pour la reprise de la Ligue 1"},"content":{"rendered":"<p class=\"mb-4 text-lg md:leading-8 break-words\">Grosse ambiance \u00e0 pr\u00e9voir. Le premier match de Ligue 1 de la saison se jouera avec des supporters adverses. Et en nombre! 1.250 supporters de l&rsquo;Olympique de Marseille sont autoris\u00e9s \u00e0 faire le d\u00e9placement \u00e0 Rennes pour ce premier d\u00e9placement de la saison, en <a href=\"https:\/\/fr.news.yahoo.com\/sport\/ressemblera-week-end-type-ligue-104912841.html\" data-ylk=\"slk:ouverture de l&#039;exercice 2025-26 vendredi soir \u00e0 20h45;elm:context_link;itc:0;sec:content-canvas;outcm:mb_qualified_link;_E:mb_qualified_link;ct:story;\" class=\"link  yahoo-link\" target=\"_blank\" rel=\"noopener\">ouverture de l&rsquo;exercice 2025-26 vendredi soir \u00e0 20h45<\/a>.<\/p>\n<p>Un d\u00e9placement encadr\u00e9 par une escorte polici\u00e8re<\/p>\n<p class=\"mb-4 text-lg md:leading-8 break-words\">Le d\u00e9placement des fans du club de la cit\u00e9 phoc\u00e9enne sera encadr\u00e9 par une escorte polici\u00e8re jusqu&rsquo;au Roazhon Park. Ce match est not\u00e9 2 sur 5 par les services de la Division nationale de la lutte contre le hooliganisme (DNLH).<\/p>\n<p class=\"mb-4 text-lg md:leading-8 break-words\">Solides deuxi\u00e8mes de Ligue 1 en 2024-25, les Marseillais vont retrouver la Ligue des champions cette saison et tenter de confirmer leurs performances en championnat. Pour cela, ils pourront compter sur le soutien du peuple olympien.<\/p>\n<p class=\"mb-4 text-lg md:leading-8 break-words\">Apr\u00e8s avoir r\u00e9serv\u00e9 <a href=\"https:\/\/fr.news.yahoo.com\/sport\/om-nouvel-accueil-bouillant-fans-214549236.html\" data-ylk=\"slk:un accueil bouillant aux diff\u00e9rentes recrues;elm:context_link;itc:0;sec:content-canvas;outcm:mb_qualified_link;_E:mb_qualified_link;ct:story;\" class=\"link  yahoo-link\" target=\"_blank\" rel=\"noopener\">un accueil bouillant aux diff\u00e9rentes recrues<\/a> (Aubemayang, Paixao et Weah), les supporters r\u00e9pondront pr\u00e9sent ce samedi lors du <a href=\"https:\/\/fr.news.yahoo.com\/sport\/om-aston-villa-%C3%A0-heure-041700194.html\" data-ylk=\"slk:dernier match de pr\u00e9paration contre Aston Villa (19h);elm:context_link;itc:0;sec:content-canvas;outcm:mb_qualified_link;_E:mb_qualified_link;ct:story;\" class=\"link  yahoo-link\" target=\"_blank\" rel=\"noopener\">dernier match de pr\u00e9paration contre Aston Villa (19h)<\/a>. Le stade V\u00e9lodrome sera tout simplement \u00e0 guichets ferm\u00e9s.<\/p>\n<p class=\"mb-4 text-lg md:leading-8 break-words\">Et Roberto De Zerbi compte bien s&rsquo;appuyer sur cette ferveur pour galvaniser ses troupes. Tout au long de la saison, il a insist\u00e9 aupr\u00e8s de ses joueurs sur l&rsquo;engagement des fans au quotidien, comme le montre la s\u00e9rie-documentaire du club <a href=\"https:\/\/www.youtube.com\/watch?v=5ShkF-t92m8\" rel=\"nofollow noopener\" target=\"_blank\" data-ylk=\"slk:&quot;Sans jamais rien l\u00e2cher&quot;;elm:context_link;itc:0;sec:content-canvas\" class=\"link \">\u00ab\u00a0Sans jamais rien l\u00e2cher\u00a0\u00bb<\/a>.<\/p>\n<p class=\"mb-4 text-lg md:leading-8 break-words\">Avant le d\u00e9placement \u00e0 Lens en novembre dernier, il avait alors lanc\u00e9: \u00ab\u00a0Soyer g\u00e9n\u00e9reux avec le co\u00e9quipier mais aussi avec les gens qui ont fait des heures de route pour venir ici. \u00c9coutez! Pour les gens qui ont conduit 8-9 heures pour venir ici. Pensez \u00e0 ces choses-l\u00e0!\u00a0\u00bb<\/p>\n<p class=\"mb-4 text-lg md:leading-8 break-words\"><a href=\"https:\/\/rmcsport.bfmtv.com\/football\/ligue-1\/rennes-om-les-supporters-marseillais-autorises-a-se-deplacer-en-nombre-pour-la-reprise-de-la-ligue-1_AV-202508090148.html#xtor=AL-68\" rel=\"nofollow noopener\" target=\"_blank\" data-ylk=\"slk:Article original publi\u00e9 sur RMC Sport;elm:context_link;itc:0;sec:content-canvas\" class=\"link \">Article original publi\u00e9 sur RMC Sport<\/a><\/p>\n","protected":false},"excerpt":{"rendered":"Grosse ambiance \u00e0 pr\u00e9voir. Le premier match de Ligue 1 de la saison se jouera avec des supporters&hellip;\n","protected":false},"author":2,"featured_media":308651,"comment_status":"","ping_status":"","sticky":false,"template":"","format":"standard","meta":{"footnotes":""},"categories":[2821],"tags":[1111,11,784,829,44874,1777,674,1011,27,17090,12434,66,12,584,25,10221],"class_list":{"0":"post-308650","1":"post","2":"type-post","3":"status-publish","4":"format-standard","5":"has-post-thumbnail","7":"category-rennes","8":"tag-actu","9":"tag-actualites","10":"tag-aston-villa","11":"tag-bretagne","12":"tag-escorte-policiere","13":"tag-eu","14":"tag-europe","15":"tag-fr","16":"tag-france","17":"tag-lolympique-de-marseille","18":"tag-les-marseillais","19":"tag-ligue-1","20":"tag-news","21":"tag-rennes","22":"tag-republique-francaise","23":"tag-supporters"},"share_on_mastodon":{"url":"https:\/\/pubeurope.com\/@fr\/115002448460041880","error":""},"_links":{"self":[{"href":"https:\/\/www.europesays.com\/fr\/wp-json\/wp\/v2\/posts\/308650","targetHints":{"allow":["GET"]}}],"collection":[{"href":"https:\/\/www.europesays.com\/fr\/wp-json\/wp\/v2\/posts"}],"about":[{"href":"https:\/\/www.europesays.com\/fr\/wp-json\/wp\/v2\/types\/post"}],"author":[{"embeddable":true,"href":"https:\/\/www.europesays.com\/fr\/wp-json\/wp\/v2\/users\/2"}],"replies":[{"embeddable":true,"href":"https:\/\/www.europesays.com\/fr\/wp-json\/wp\/v2\/comments?post=308650"}],"version-history":[{"count":0,"href":"https:\/\/www.europesays.com\/fr\/wp-json\/wp\/v2\/posts\/308650\/revisions"}],"wp:featuredmedia":[{"embeddable":true,"href":"https:\/\/www.europesays.com\/fr\/wp-json\/wp\/v2\/media\/308651"}],"wp:attachment":[{"href":"https:\/\/www.europesays.com\/fr\/wp-json\/wp\/v2\/media?parent=308650"}],"wp:term":[{"taxonomy":"category","embeddable":true,"href":"https:\/\/www.europesays.com\/fr\/wp-json\/wp\/v2\/categories?post=308650"},{"taxonomy":"post_tag","embeddable":true,"href":"https:\/\/www.europesays.com\/fr\/wp-json\/wp\/v2\/tags?post=308650"}],"curies":[{"name":"wp","href":"https:\/\/api.w.org\/{rel}","templated":true}]}}