{"id":308667,"date":"2025-08-10T04:08:10","date_gmt":"2025-08-10T04:08:10","guid":{"rendered":"https:\/\/www.europesays.com\/fr\/308667\/"},"modified":"2025-08-10T04:08:10","modified_gmt":"2025-08-10T04:08:10","slug":"voila-jusqua-quand-la-vague-de-chaleur-va-durer","status":"publish","type":"post","link":"https:\/\/www.europesays.com\/fr\/308667\/","title":{"rendered":"voil\u00e0 jusqu&rsquo;\u00e0 quand la vague de chaleur va durer"},"content":{"rendered":"<p>            Par<br \/>\n        <strong><br \/>\n            <a href=\"https:\/\/actu.fr\/auteur\/fabien-binacchi\" title=\"Consulter tous les articles de Fabien Binacchi\" target=\"_blank\" rel=\"noopener\">Fabien Binacchi<\/a><br \/>\n        <\/strong><\/p>\n<p>        Publi\u00e9 le<\/p>\n<p>            10 ao\u00fbt 2025 \u00e0 6h06        <\/p>\n<p>En vigilance jaune \u00ab\u2009canicule\u2009\u00bb depuis le samedi\u00a09, <a href=\"https:\/\/actu.fr\/marseille\/\" target=\"_blank\" rel=\"noopener\">Marseille<\/a> et le d\u00e9partement des <a href=\"https:\/\/actu.fr\/provence-alpes-cote-d-azur\/bouches-du-rhone_13\" target=\"_blank\" rel=\"noopener\">Bouches-du-Rh\u00f4ne<\/a> passent \u00e0 l\u2019orange, \u00e0 partir de midi, ce dimanche 10\u00a0ao\u00fbt 2025. <strong>Les temp\u00e9ratures augmentent encore et pour plusieurs jours,<\/strong> pr\u00e9vient la pr\u00e9fecture.<\/p>\n<p class=\" wall-content\">Voil\u00e0 jusqu\u2019\u00e0 quand la vague de chaleur est partie pour durer.<\/p>\n<p>42\u00b0C possibles localement<\/p>\n<p class=\" wall-content\">D\u00e9j\u00e0 autour des 37\u00b0C \u00e0 39\u00b0C dans les terres et de 32\u00b0C \u00e0 34\u00b0C sur le littoral, samedi, <strong>les temp\u00e9ratures gagnent encore 1 \u00e0 3\u00a0\u00b0C ce dimanche,<\/strong> d\u00e9taillent les services de l\u2019\u00c9tat.<\/p>\n<p class=\" wall-content\">Il fait 34\u00b0C \u00e0 37\u00a0\u00b0C le long des c\u00f4tes, notamment \u00e0 Marseille, et jusqu\u2019\u00e0 38 \u00e0 41\u00b0C plus au nord, voire 42\u00b0C localement, avertit ainsi la pr\u00e9fecture.<\/p>\n<p class=\" wall-content\">\n<p class=\" wall-content\">Et c\u2019est sans compter <strong>la \u00ab\u2009nuit tropicale\u2009\u00bb<\/strong> qui s\u2019annonce ce dimanche soir, avec <strong>jusqu\u2019\u00e0 26\u00b0C<\/strong>\u00a0en pleine obscurit\u00e9, dans la cit\u00e9 phoc\u00e9enne.<\/p>\n<p>Au moins jusqu\u2019\u00e0 mardi<\/p>\n<p class=\" wall-content\">Et il va falloir prendre son mal en patience\u2009:<\/p>\n<blockquote class=\"ac-article-quote wall-content\">\n<p>\u00ab\u00a0La canicule perdurera au moins jusqu&rsquo;\u00e0 mardi.\u00a0\u00bb<\/p>\n<p>    <strong>La pr\u00e9fecture des Bouches-du-Rh\u00f4ne<\/strong>\n            <\/p><\/blockquote>\n<p class=\" wall-content\">Pendant ce nouvel \u00e9pisode de tr\u00e8s fortes chaleurs, le pr\u00e9fet \u00ab\u2009invite chacun \u00e0 adopter les bons r\u00e9flexes pour soi-m\u00eame et son entourage\u2009\u00bb. Voici les recommandations\u2009:<\/p>\n<ul class=\" wall-content\">\n<li>Maintenir son logement frais (fermer fen\u00eatres et volets la journ\u00e9e, les ouvrir le soir et la nuit s\u2019il fait plus frais),<\/li>\n<li>Boire r\u00e9guli\u00e8rement et fr\u00e9quemment de l\u2019eau sans attendre d\u2019avoir soif, se rafra\u00eechir et se mouiller le corps plusieurs fois par jour,<\/li>\n<li>Passer si possible 2 \u00e0 3\u00a0heures par jour dans un lieu frais,<\/li>\n<li>\u00c9viter de sortir aux heures les plus chaudes et de pratiquer une activit\u00e9 physique.<\/li>\n<\/ul>\n<p class=\" wall-content\">\n<p class=\" wall-content\">\u00c0 noter que, pendant toute la dur\u00e9e de la vigilance orange, <strong>toutes les piscines de Marseille sont en acc\u00e8s gratuit,<\/strong> fais savoir la municipalit\u00e9.<\/p>\n<p class=\" wall-content\">Suivez toute l\u2019actualit\u00e9 de vos villes et m\u00e9dias favoris en vous inscrivant \u00e0 <a href=\"https:\/\/moncompte.actu.fr\" title=\"D\u00e9couvez Mon Actu\" rel=\"nofollow noopener\" data-trk=\"{&quot;cta&quot;:{&quot;action&quot;:&quot;https:\\\/\\\/moncompte.actu.fr&quot;,&quot;category&quot;:&quot;mon compte&quot;,&quot;from&quot;:&quot;article footer&quot;,&quot;name&quot;:&quot;Mon actu&quot;,&quot;type&quot;:&quot;cta&quot;}}\" target=\"_blank\">Mon Actu<\/a>.<\/p>\n","protected":false},"excerpt":{"rendered":"Par Fabien Binacchi Publi\u00e9 le 10 ao\u00fbt 2025 \u00e0 6h06 En vigilance jaune \u00ab\u2009canicule\u2009\u00bb depuis le samedi\u00a09, Marseille&hellip;\n","protected":false},"author":2,"featured_media":188878,"comment_status":"","ping_status":"","sticky":false,"template":"","format":"standard","meta":{"footnotes":""},"categories":[2814],"tags":[1111,11,6698,1777,674,1011,27,884,2487,2357,12,882,25,15637],"class_list":{"0":"post-308667","1":"post","2":"type-post","3":"status-publish","4":"format-standard","5":"has-post-thumbnail","7":"category-marseille","8":"tag-actu","9":"tag-actualites","10":"tag-canicule","11":"tag-eu","12":"tag-europe","13":"tag-fr","14":"tag-france","15":"tag-marseille","16":"tag-meteo","17":"tag-meteo-france","18":"tag-news","19":"tag-provence-alpes-cote-dazur","20":"tag-republique-francaise","21":"tag-vague-de-chaleur"},"share_on_mastodon":{"url":"https:\/\/pubeurope.com\/@fr\/115002507508122870","error":""},"_links":{"self":[{"href":"https:\/\/www.europesays.com\/fr\/wp-json\/wp\/v2\/posts\/308667","targetHints":{"allow":["GET"]}}],"collection":[{"href":"https:\/\/www.europesays.com\/fr\/wp-json\/wp\/v2\/posts"}],"about":[{"href":"https:\/\/www.europesays.com\/fr\/wp-json\/wp\/v2\/types\/post"}],"author":[{"embeddable":true,"href":"https:\/\/www.europesays.com\/fr\/wp-json\/wp\/v2\/users\/2"}],"replies":[{"embeddable":true,"href":"https:\/\/www.europesays.com\/fr\/wp-json\/wp\/v2\/comments?post=308667"}],"version-history":[{"count":0,"href":"https:\/\/www.europesays.com\/fr\/wp-json\/wp\/v2\/posts\/308667\/revisions"}],"wp:featuredmedia":[{"embeddable":true,"href":"https:\/\/www.europesays.com\/fr\/wp-json\/wp\/v2\/media\/188878"}],"wp:attachment":[{"href":"https:\/\/www.europesays.com\/fr\/wp-json\/wp\/v2\/media?parent=308667"}],"wp:term":[{"taxonomy":"category","embeddable":true,"href":"https:\/\/www.europesays.com\/fr\/wp-json\/wp\/v2\/categories?post=308667"},{"taxonomy":"post_tag","embeddable":true,"href":"https:\/\/www.europesays.com\/fr\/wp-json\/wp\/v2\/tags?post=308667"}],"curies":[{"name":"wp","href":"https:\/\/api.w.org\/{rel}","templated":true}]}}