{"id":308670,"date":"2025-08-10T04:10:12","date_gmt":"2025-08-10T04:10:12","guid":{"rendered":"https:\/\/www.europesays.com\/fr\/308670\/"},"modified":"2025-08-10T04:10:12","modified_gmt":"2025-08-10T04:10:12","slug":"metropole-de-lyon-pour-faire-face-aux-fortes-chaleurs-lepervier-deurope-se-rafraichit-dans-le-rhone","status":"publish","type":"post","link":"https:\/\/www.europesays.com\/fr\/308670\/","title":{"rendered":"M\u00e9tropole de Lyon. Pour faire face aux fortes chaleurs, l\u2019\u00e9pervier d\u2019Europe se rafra\u00eechit dans le Rh\u00f4ne"},"content":{"rendered":"<p>Et plouf\u00a0! Image quelque peu insolite que celle de cet \u00e9pervier d\u2019Europe pataugeant sans vigilance et se baignant comme un canard dans le Rh\u00f4ne, alors que les temp\u00e9ratures avoisinent les 35 degr\u00e9s. \u00ab\u00a0C\u2019est un rapace plut\u00f4t discret et farouche, surtout observ\u00e9 en vol\u00a0\u00bb, rappelle d\u2019ailleurs l\u2019ornithologue lyonnais Dominique Tissier, auteur de plusieurs livres sur les oiseaux.<\/p>\n<p>\u00ab\u00a0C\u2019est normal. Les rapaces se baignent comme les autres oiseaux pour se rafra\u00eechir quand il fait chaud et nettoyer leur plumage durant toute l\u2019ann\u00e9e, en milieu urbain o\u00f9 les points d\u2019eau sont parfois rares comme en for\u00eat ou&#8230;<\/p>\n","protected":false},"excerpt":{"rendered":"Et plouf\u00a0! Image quelque peu insolite que celle de cet \u00e9pervier d\u2019Europe pataugeant sans vigilance et se baignant&hellip;\n","protected":false},"author":2,"featured_media":308671,"comment_status":"","ping_status":"","sticky":false,"template":"","format":"standard","meta":{"footnotes":""},"categories":[1889],"tags":[1111,11,1867,2430,6698,3153,436,1777,674,1011,27,2428,12,25,2429,23109,17092,104],"class_list":{"0":"post-308670","1":"post","2":"type-post","3":"status-publish","4":"format-standard","5":"has-post-thumbnail","7":"category-lyon","8":"tag-actu","9":"tag-actualites","10":"tag-animaux","11":"tag-auvergne-rhone-alpes","12":"tag-canicule","13":"tag-edition-ouest-lyonnais","14":"tag-environnement","15":"tag-eu","16":"tag-europe","17":"tag-fr","18":"tag-france","19":"tag-lyon","20":"tag-news","21":"tag-republique-francaise","22":"tag-rhone","23":"tag-rillieux-bassin","24":"tag-rillieux-la-pape","25":"tag-societe"},"share_on_mastodon":{"url":"https:\/\/pubeurope.com\/@fr\/115002515325553918","error":""},"_links":{"self":[{"href":"https:\/\/www.europesays.com\/fr\/wp-json\/wp\/v2\/posts\/308670","targetHints":{"allow":["GET"]}}],"collection":[{"href":"https:\/\/www.europesays.com\/fr\/wp-json\/wp\/v2\/posts"}],"about":[{"href":"https:\/\/www.europesays.com\/fr\/wp-json\/wp\/v2\/types\/post"}],"author":[{"embeddable":true,"href":"https:\/\/www.europesays.com\/fr\/wp-json\/wp\/v2\/users\/2"}],"replies":[{"embeddable":true,"href":"https:\/\/www.europesays.com\/fr\/wp-json\/wp\/v2\/comments?post=308670"}],"version-history":[{"count":0,"href":"https:\/\/www.europesays.com\/fr\/wp-json\/wp\/v2\/posts\/308670\/revisions"}],"wp:featuredmedia":[{"embeddable":true,"href":"https:\/\/www.europesays.com\/fr\/wp-json\/wp\/v2\/media\/308671"}],"wp:attachment":[{"href":"https:\/\/www.europesays.com\/fr\/wp-json\/wp\/v2\/media?parent=308670"}],"wp:term":[{"taxonomy":"category","embeddable":true,"href":"https:\/\/www.europesays.com\/fr\/wp-json\/wp\/v2\/categories?post=308670"},{"taxonomy":"post_tag","embeddable":true,"href":"https:\/\/www.europesays.com\/fr\/wp-json\/wp\/v2\/tags?post=308670"}],"curies":[{"name":"wp","href":"https:\/\/api.w.org\/{rel}","templated":true}]}}