{"id":308676,"date":"2025-08-10T04:15:25","date_gmt":"2025-08-10T04:15:25","guid":{"rendered":"https:\/\/www.europesays.com\/fr\/308676\/"},"modified":"2025-08-10T04:15:25","modified_gmt":"2025-08-10T04:15:25","slug":"trois-hommes-interpelles-apres-une-tentative-de-livraison-illicite-par-drone-a-la-prison-de-fresnes","status":"publish","type":"post","link":"https:\/\/www.europesays.com\/fr\/308676\/","title":{"rendered":"Trois hommes interpell\u00e9s apr\u00e8s une tentative de livraison illicite par drone \u00e0 la prison de Fresnes"},"content":{"rendered":"<p class=\"paragraph text_align_left lp-f-body-02\">Munis des donn\u00e9es de localisation, les policiers de la brigade anticriminalit\u00e9 se rendent imm\u00e9diatement all\u00e9ede la R\u00e9sidence, \u00e0 proximit\u00e9 de la prison, de l\u2019autre c\u00f4t\u00e9 de l\u2019A 86. Dans une voiture stationn\u00e9e, ils interpellent deux hommes, dont l\u2019un tient une t\u00e9l\u00e9commande de drone. Un troisi\u00e8me complice tente de s\u2019enfuir \u00e0 pied mais est rapidement rattrap\u00e9. Tous trois sont plac\u00e9s en garde \u00e0 vue. Le drone est saisi.<\/p>\n","protected":false},"excerpt":{"rendered":"Munis des donn\u00e9es de localisation, les policiers de la brigade anticriminalit\u00e9 se rendent imm\u00e9diatement all\u00e9ede la R\u00e9sidence, \u00e0&hellip;\n","protected":false},"author":2,"featured_media":308677,"comment_status":"","ping_status":"","sticky":false,"template":"","format":"standard","meta":{"footnotes":""},"categories":[1888],"tags":[11,1777,674,118,1011,27,1944,12,626,25,1125],"class_list":{"0":"post-308676","1":"post","2":"type-post","3":"status-publish","4":"format-standard","5":"has-post-thumbnail","7":"category-paris","8":"tag-actualites","9":"tag-eu","10":"tag-europe","11":"tag-faits-divers","12":"tag-fr","13":"tag-france","14":"tag-ma-ville","15":"tag-news","16":"tag-paris","17":"tag-republique-francaise","18":"tag-val-de-marne"},"share_on_mastodon":{"url":"https:\/\/pubeurope.com\/@fr\/115002535185022325","error":""},"_links":{"self":[{"href":"https:\/\/www.europesays.com\/fr\/wp-json\/wp\/v2\/posts\/308676","targetHints":{"allow":["GET"]}}],"collection":[{"href":"https:\/\/www.europesays.com\/fr\/wp-json\/wp\/v2\/posts"}],"about":[{"href":"https:\/\/www.europesays.com\/fr\/wp-json\/wp\/v2\/types\/post"}],"author":[{"embeddable":true,"href":"https:\/\/www.europesays.com\/fr\/wp-json\/wp\/v2\/users\/2"}],"replies":[{"embeddable":true,"href":"https:\/\/www.europesays.com\/fr\/wp-json\/wp\/v2\/comments?post=308676"}],"version-history":[{"count":0,"href":"https:\/\/www.europesays.com\/fr\/wp-json\/wp\/v2\/posts\/308676\/revisions"}],"wp:featuredmedia":[{"embeddable":true,"href":"https:\/\/www.europesays.com\/fr\/wp-json\/wp\/v2\/media\/308677"}],"wp:attachment":[{"href":"https:\/\/www.europesays.com\/fr\/wp-json\/wp\/v2\/media?parent=308676"}],"wp:term":[{"taxonomy":"category","embeddable":true,"href":"https:\/\/www.europesays.com\/fr\/wp-json\/wp\/v2\/categories?post=308676"},{"taxonomy":"post_tag","embeddable":true,"href":"https:\/\/www.europesays.com\/fr\/wp-json\/wp\/v2\/tags?post=308676"}],"curies":[{"name":"wp","href":"https:\/\/api.w.org\/{rel}","templated":true}]}}