{"id":308678,"date":"2025-08-10T04:16:10","date_gmt":"2025-08-10T04:16:10","guid":{"rendered":"https:\/\/www.europesays.com\/fr\/308678\/"},"modified":"2025-08-10T04:16:10","modified_gmt":"2025-08-10T04:16:10","slug":"nouveau-deboire-pour-lentrepreneuse-qui-tente-de-deposer-un-brevet-pour-la-pizza-sans-gluten","status":"publish","type":"post","link":"https:\/\/www.europesays.com\/fr\/308678\/","title":{"rendered":"nouveau d\u00e9boire pour l&rsquo;entrepreneuse qui tente de d\u00e9poser un brevet pour la \u00ab\u00a0pizza sans gluten\u00a0\u00bb"},"content":{"rendered":"<p>            Par<br \/>\n        <strong><br \/>\n            <a href=\"https:\/\/actu.fr\/auteur\/redaction-paris\" title=\"Consulter tous les articles de R\u00e9daction Paris\" rel=\"nofollow noopener\" target=\"_blank\">R\u00e9daction Paris<\/a><br \/>\n        <\/strong><\/p>\n<p>        Publi\u00e9 le<\/p>\n<p>            10 ao\u00fbt 2025 \u00e0 6h10        <\/p>\n<p>En mai 2024, l\u2019Institut national de la propri\u00e9t\u00e9 intellectuelle (INPI) a rejet\u00e9 la demande de brevet titr\u00e9e \u00ab\u2009Pizza sans gluten\u2009\u00bb d\u00e9pos\u00e9e par une entrepreneuse de <a href=\"https:\/\/actu.fr\/paris\/dernieres-actus\" rel=\"nofollow noopener\" target=\"_blank\">Paris<\/a>. Cette derni\u00e8re a saisi le <a href=\"https:\/\/actu.fr\/tag\/tribunal-administratif-de-paris\" rel=\"nofollow noopener\" target=\"_blank\">tribunal administratif<\/a> de cette m\u00eame ville pour faire annuler la d\u00e9cision. Qui a douch\u00e9 ses espoirs. Explications.<\/p>\n<p>Les magistrats \u00ab\u00a0incomp\u00e9tents\u00a0\u00bb dans cette affaire<\/p>\n<p class=\" wall-content\">L\u2019institut pr\u00e9voit en fait qu\u2019une \u00ab\u2009invention\u2009\u00bb ne peut \u00eatre brevet\u00e9e que si elle est \u00ab\u2009nouvelle, inventive et susceptible d\u2019application industrielle\u2009\u00bb \u2013 ce qui n\u2019\u00e9tait pas le cas en l\u2019occurrence.<\/p>\n<p class=\" wall-content\">Cette reconnaissance officielle aurait notamment permis \u00e0 la requ\u00e9rante d\u2019obtenir un \u00ab\u2009monopole d\u2019exploitation\u2009\u00bb interdisant \u00e0 des tiers de commercialiser une \u00ab\u2009pizza sans gluten\u2009\u00bb sans autorisation, sous peine d\u2019\u00eatre accus\u00e9s de \u00ab\u2009contrefa\u00e7on\u2009\u00bb et poursuivis en justice.<\/p>\n<p class=\" wall-content\">Mais \u00ab\u2009le juge judiciaire est seul comp\u00e9tent pour conna\u00eetre de l\u2019ensemble des litiges n\u00e9s des d\u00e9cisions prises par le directeur de l\u2019INPI en mati\u00e8re de d\u00e9livrance des titres de propri\u00e9t\u00e9 industrielle\u2009\u00bb, a rappel\u00e9 le tribunal administratif de Paris dans <a href=\"https:\/\/www.doctrine.fr\/d\/TA\/Paris\/2025\/TA256A19F33494302E750B\" rel=\"nofollow noopener\" target=\"_blank\">un jugement<\/a> du 5 mai 2025, qui vient d\u2019\u00eatre rendu public.<\/p>\n<p class=\" wall-content\">Les magistrats se sont donc d\u00e9clar\u00e9s \u00ab\u2009incomp\u00e9tents\u2009\u00bb\u2009: \u00ab\u2009La requ\u00eate de Mme X. ne rel\u00e8ve manifestement pas de la comp\u00e9tence de la juridiction administrative et doit, d\u00e8s lors, \u00eatre rejet\u00e9e comme port\u00e9e devant un ordre de juridiction incomp\u00e9tent pour en conna\u00eetre\u2009\u00bb, en ont-ils d\u00e9duit.<\/p>\n<p class=\" wall-content\">La requ\u00e9rante devra d\u00e9sormais d\u00e9poser une nouvelle requ\u00eate devant la cour d\u2019appel de Paris si elle veut esp\u00e9rer obtenir gain de cause.<\/p>\n<p class=\" wall-content\"><strong>\/MJ (PressPepper)<\/strong><\/p>\n<p class=\" wall-content\">Suivez toute l\u2019actualit\u00e9 de vos villes et m\u00e9dias favoris en vous inscrivant \u00e0 <a href=\"https:\/\/moncompte.actu.fr\" title=\"D\u00e9couvez Mon Actu\" rel=\"nofollow noopener\" data-trk=\"{&quot;cta&quot;:{&quot;action&quot;:&quot;https:\\\/\\\/moncompte.actu.fr&quot;,&quot;category&quot;:&quot;mon compte&quot;,&quot;from&quot;:&quot;article footer&quot;,&quot;name&quot;:&quot;Mon actu&quot;,&quot;type&quot;:&quot;cta&quot;}}\" target=\"_blank\">Mon Actu<\/a>.<\/p>\n","protected":false},"excerpt":{"rendered":"Par R\u00e9daction Paris Publi\u00e9 le 10 ao\u00fbt 2025 \u00e0 6h10 En mai 2024, l\u2019Institut national de la propri\u00e9t\u00e9&hellip;\n","protected":false},"author":2,"featured_media":308679,"comment_status":"","ping_status":"","sticky":false,"template":"","format":"standard","meta":{"footnotes":""},"categories":[1888],"tags":[11,215,1777,674,118,1011,27,303,12,626,25],"class_list":{"0":"post-308678","1":"post","2":"type-post","3":"status-publish","4":"format-standard","5":"has-post-thumbnail","7":"category-paris","8":"tag-actualites","9":"tag-commerce","10":"tag-eu","11":"tag-europe","12":"tag-faits-divers","13":"tag-fr","14":"tag-france","15":"tag-justice","16":"tag-news","17":"tag-paris","18":"tag-republique-francaise"},"share_on_mastodon":{"url":"https:\/\/pubeurope.com\/@fr\/115002538983277753","error":""},"_links":{"self":[{"href":"https:\/\/www.europesays.com\/fr\/wp-json\/wp\/v2\/posts\/308678","targetHints":{"allow":["GET"]}}],"collection":[{"href":"https:\/\/www.europesays.com\/fr\/wp-json\/wp\/v2\/posts"}],"about":[{"href":"https:\/\/www.europesays.com\/fr\/wp-json\/wp\/v2\/types\/post"}],"author":[{"embeddable":true,"href":"https:\/\/www.europesays.com\/fr\/wp-json\/wp\/v2\/users\/2"}],"replies":[{"embeddable":true,"href":"https:\/\/www.europesays.com\/fr\/wp-json\/wp\/v2\/comments?post=308678"}],"version-history":[{"count":0,"href":"https:\/\/www.europesays.com\/fr\/wp-json\/wp\/v2\/posts\/308678\/revisions"}],"wp:featuredmedia":[{"embeddable":true,"href":"https:\/\/www.europesays.com\/fr\/wp-json\/wp\/v2\/media\/308679"}],"wp:attachment":[{"href":"https:\/\/www.europesays.com\/fr\/wp-json\/wp\/v2\/media?parent=308678"}],"wp:term":[{"taxonomy":"category","embeddable":true,"href":"https:\/\/www.europesays.com\/fr\/wp-json\/wp\/v2\/categories?post=308678"},{"taxonomy":"post_tag","embeddable":true,"href":"https:\/\/www.europesays.com\/fr\/wp-json\/wp\/v2\/tags?post=308678"}],"curies":[{"name":"wp","href":"https:\/\/api.w.org\/{rel}","templated":true}]}}