{"id":308687,"date":"2025-08-10T04:21:25","date_gmt":"2025-08-10T04:21:25","guid":{"rendered":"https:\/\/www.europesays.com\/fr\/308687\/"},"modified":"2025-08-10T04:21:25","modified_gmt":"2025-08-10T04:21:25","slug":"ou-va-lallemagne-institut-montaigne","status":"publish","type":"post","link":"https:\/\/www.europesays.com\/fr\/308687\/","title":{"rendered":"O\u00f9 va l\u2019Allemagne ? | Institut Montaigne"},"content":{"rendered":"<p>\u00c0 quoi ressemblera la France en 2040 si rien ne change ? L\u2019Institut Montaigne analyse 13 grandes tendances \u00e0 partir de donn\u00e9es officielles pour projeter notre avenir collectif. Cette \u00e9tude met en lumi\u00e8re les risques li\u00e9s \u00e0 l\u2019inaction politique et rappelle qu\u2019il est encore temps d\u2019agir pour anticiper, r\u00e9former et faire face aux d\u00e9fis d\u00e9mographiques, \u00e9conomiques et climatiques.<\/p>\n","protected":false},"excerpt":{"rendered":"\u00c0 quoi ressemblera la France en 2040 si rien ne change ? L\u2019Institut Montaigne analyse 13 grandes tendances&hellip;\n","protected":false},"author":2,"featured_media":308688,"comment_status":"","ping_status":"","sticky":false,"template":"","format":"standard","meta":{"footnotes":""},"categories":[1587],"tags":[11,672,1804,1805,1803,1777,674,1801,12,1802],"class_list":{"0":"post-308687","1":"post","2":"type-post","3":"status-publish","4":"format-standard","5":"has-post-thumbnail","7":"category-allemagne","8":"tag-actualites","9":"tag-allemagne","10":"tag-bundesrepublik-deutschland","11":"tag-de","12":"tag-deutschland","13":"tag-eu","14":"tag-europe","15":"tag-germany","16":"tag-news","17":"tag-republique-federale-dallemagne"},"share_on_mastodon":{"url":"https:\/\/pubeurope.com\/@fr\/115002558797722725","error":""},"_links":{"self":[{"href":"https:\/\/www.europesays.com\/fr\/wp-json\/wp\/v2\/posts\/308687","targetHints":{"allow":["GET"]}}],"collection":[{"href":"https:\/\/www.europesays.com\/fr\/wp-json\/wp\/v2\/posts"}],"about":[{"href":"https:\/\/www.europesays.com\/fr\/wp-json\/wp\/v2\/types\/post"}],"author":[{"embeddable":true,"href":"https:\/\/www.europesays.com\/fr\/wp-json\/wp\/v2\/users\/2"}],"replies":[{"embeddable":true,"href":"https:\/\/www.europesays.com\/fr\/wp-json\/wp\/v2\/comments?post=308687"}],"version-history":[{"count":0,"href":"https:\/\/www.europesays.com\/fr\/wp-json\/wp\/v2\/posts\/308687\/revisions"}],"wp:featuredmedia":[{"embeddable":true,"href":"https:\/\/www.europesays.com\/fr\/wp-json\/wp\/v2\/media\/308688"}],"wp:attachment":[{"href":"https:\/\/www.europesays.com\/fr\/wp-json\/wp\/v2\/media?parent=308687"}],"wp:term":[{"taxonomy":"category","embeddable":true,"href":"https:\/\/www.europesays.com\/fr\/wp-json\/wp\/v2\/categories?post=308687"},{"taxonomy":"post_tag","embeddable":true,"href":"https:\/\/www.europesays.com\/fr\/wp-json\/wp\/v2\/tags?post=308687"}],"curies":[{"name":"wp","href":"https:\/\/api.w.org\/{rel}","templated":true}]}}