{"id":308689,"date":"2025-08-10T04:22:14","date_gmt":"2025-08-10T04:22:14","guid":{"rendered":"https:\/\/www.europesays.com\/fr\/308689\/"},"modified":"2025-08-10T04:22:14","modified_gmt":"2025-08-10T04:22:14","slug":"leurope-affiche-un-soutien-fort-a-zelensky-avant-le-sommet-entre-trump-et-poutine","status":"publish","type":"post","link":"https:\/\/www.europesays.com\/fr\/308689\/","title":{"rendered":"L\u2019Europe affiche un soutien fort \u00e0 Zelensky avant le sommet entre Trump et Poutine"},"content":{"rendered":"<p>L\u2019Ukraine pourrait \u00eatre la grande perdante du sommet \u00e0 venir entre <a href=\"https:\/\/www.20minutes.fr\/monde\/vladimir_poutine\/\" target=\"_blank\" class=\"color-ultramarine c-link\" rel=\"noopener\">Vladimir Poutine<\/a> et <a href=\"https:\/\/www.20minutes.fr\/dossier\/donald_trump\" target=\"_blank\" class=\"color-ultramarine c-link\" rel=\"noopener\">Donald Trump<\/a>. Pour tenter d\u2019\u00e9viter ce scenario, <a href=\"https:\/\/www.20minutes.fr\/monde\/volodymyr-zelensky\/\" target=\"_blank\" class=\"color-ultramarine c-link\" rel=\"noopener\">Volodymyr Zelensky<\/a> peut au moins compter sur le soutien de nombreux dirigeants europ\u00e9ens. Ceux-ci ont en effet appel\u00e9 dimanche \u00e0 maintenir la pression sur la Russie.<\/p>\n<p>Les pr\u00e9sidents russe et am\u00e9ricain doivent se retrouver le 15\u00a0ao\u00fbt en Alaska, aux <a href=\"https:\/\/www.20minutes.fr\/monde\/etats-unis\/\" target=\"_blank\" class=\"color-ultramarine c-link\" rel=\"noopener\">Etats-Unis<\/a>, dans le cadre des efforts du pr\u00e9sident am\u00e9ricain pour trouver une issue au conflit que la <a href=\"https:\/\/www.20minutes.fr\/monde\/russie\/\" target=\"_blank\" class=\"color-ultramarine c-link\" rel=\"noopener\">Russie<\/a> a d\u00e9clench\u00e9 en f\u00e9vrier\u00a02022. Cette rencontre tr\u00e8s attendue se d\u00e9roulera sans le pr\u00e9sident ukrainien, qui ne cesse pourtant d\u2019exiger d\u2019\u00eatre partie prenante.<\/p>\n<p>Les Europ\u00e9ens \u00e9galement \u00e9cart\u00e9s des pourparlers<\/p>\n<p>\u00ab\u00a0Toute d\u00e9cision qui serait prise contre nous, toute d\u00e9cision qui serait prise sans l\u2019<a href=\"https:\/\/www.20minutes.fr\/monde\/ukraine\/\" target=\"_blank\" class=\"color-ultramarine c-link\" rel=\"noopener\">Ukraine<\/a>, serait une d\u00e9cision contre la paix\u00a0\u00bb, a averti Volodymyr Zelensky sur les r\u00e9seaux sociaux, ajoutant que \u00ab\u00a0les Ukrainiens n\u2019abandonneront pas leur terre aux occupants\u00a0\u00bb. L\u2019arm\u00e9e russe contr\u00f4le actuellement environ 20\u00a0% du territoire ukrainien.<\/p>\n<\/p>\n<p>Au cours d\u2019une conversation t\u00e9l\u00e9phonique avec le Premier ministre britannique Keir Starmer samedi, Volodymyr Zelensky a en outre exhort\u00e9 ses alli\u00e9s europ\u00e9ens \u00e0 prendre des \u00ab\u00a0mesures claires\u00a0\u00bb pour d\u00e9finir une approche commune, alors que ces derniers sont aussi \u00e9cart\u00e9s des pourparlers. Dans la nuit de samedi \u00e0 dimanche, les principaux dirigeants europ\u00e9ens ont d\u2019ailleurs dit \u00eatre convaincus que \u00ab\u00a0seule une approche combinant une diplomatie active, un soutien \u00e0 l\u2019Ukraine et une pression sur la F\u00e9d\u00e9ration de Russie\u00a0\u00bb pouvait r\u00e9ussir.<\/p>\n<p>\u00ab\u00a0Nous saluons le travail du pr\u00e9sident Trump pour arr\u00eater le massacre en Ukraine\u00a0\u00bb et \u00ab\u00a0sommes pr\u00eats \u00e0 soutenir ce travail sur le plan diplomatique ainsi qu\u2019en maintenant notre soutien militaire et financier substantiel \u00e0 l\u2019Ukraine\u00a0\u00bb et \u00ab\u00a0en maintenant et en imposant des mesures restrictives \u00e0 l\u2019encontre de la F\u00e9d\u00e9ration de Russie\u00a0\u00bb, ont d\u00e9clar\u00e9 Emmanuel Macron, Giorgia Meloni (Italie), Friedrich Merz (Allemagne), Donald Tusk (Pologne), Keir Starmer, Alex Stubb (Finlande), et la pr\u00e9sidente de la Commission europ\u00e9enne Ursula von\u00a0der\u00a0Leyen.<\/p>\n<p>Vers des \u00e9changes de territoires\u00a0?<\/p>\n<p>\u00ab\u00a0La voie de la paix en Ukraine ne peut \u00eatre trac\u00e9e sans l\u2019Ukraine\u00a0\u00bb, ont-ils ajout\u00e9 rappelant leur attachement \u00ab\u00a0au principe selon lequel les fronti\u00e8res internationales ne doivent pas \u00eatre modifi\u00e9es par la force\u00a0\u00bb et pr\u00e9cisant que \u00ab\u00a0la ligne de contact (ligne de front) actuelle devrait \u00eatre le point de d\u00e9part des n\u00e9gociations\u00a0\u00bb.<\/p>\n<p><a href=\"https:\/\/www.20minutes.fr\/monde\/ukraine\/\" target=\"_blank\" class=\"c-link c-btn c-btn--primary\" rel=\"noopener\">Notre dossier sur la Guerre en Ukraine<\/a><\/p>\n<p>Un r\u00e8glement du conflit comprendra des \u00e9changes de territoires \u00ab\u00a0au b\u00e9n\u00e9fice de chacun\u00a0\u00bb, a assur\u00e9 Donald Trump vendredi, sans donner plus de d\u00e9tails. \u00ab\u00a0On parle d\u2019un territoire sur lequel les combats font rage depuis plus de trois ans et demi [\u2026], c\u2019est compliqu\u00e9\u00a0\u00bb, a-t-il encore dit. La diplomatie s\u2019active donc pour tenter de sortir de l\u2019impasse.<\/p>\n","protected":false},"excerpt":{"rendered":"L\u2019Ukraine pourrait \u00eatre la grande perdante du sommet \u00e0 venir entre Vladimir Poutine et Donald Trump. Pour tenter&hellip;\n","protected":false},"author":2,"featured_media":308690,"comment_status":"","ping_status":"","sticky":false,"template":"","format":"standard","meta":{"footnotes":""},"categories":[1586],"tags":[47,11,312,75,1073,73,1777,674,1011,27,131,2581,74,12,25,132,2544,133,135,134],"class_list":{"0":"post-308689","1":"post","2":"type-post","3":"status-publish","4":"format-standard","5":"has-post-thumbnail","7":"category-europe","8":"tag-actualite","9":"tag-actualites","10":"tag-diplomatie","11":"tag-donald-trump","12":"tag-emmanuel-macron","13":"tag-etats-unis","14":"tag-eu","15":"tag-europe","16":"tag-fr","17":"tag-france","18":"tag-guerre-en-ukraine","19":"tag-keir-starmer","20":"tag-monde","21":"tag-news","22":"tag-republique-francaise","23":"tag-russie","24":"tag-ursula-von-der-leyen","25":"tag-video","26":"tag-vladimir-poutine","27":"tag-volodymyr-zelensky"},"share_on_mastodon":{"url":"https:\/\/pubeurope.com\/@fr\/115002562552029861","error":""},"_links":{"self":[{"href":"https:\/\/www.europesays.com\/fr\/wp-json\/wp\/v2\/posts\/308689","targetHints":{"allow":["GET"]}}],"collection":[{"href":"https:\/\/www.europesays.com\/fr\/wp-json\/wp\/v2\/posts"}],"about":[{"href":"https:\/\/www.europesays.com\/fr\/wp-json\/wp\/v2\/types\/post"}],"author":[{"embeddable":true,"href":"https:\/\/www.europesays.com\/fr\/wp-json\/wp\/v2\/users\/2"}],"replies":[{"embeddable":true,"href":"https:\/\/www.europesays.com\/fr\/wp-json\/wp\/v2\/comments?post=308689"}],"version-history":[{"count":0,"href":"https:\/\/www.europesays.com\/fr\/wp-json\/wp\/v2\/posts\/308689\/revisions"}],"wp:featuredmedia":[{"embeddable":true,"href":"https:\/\/www.europesays.com\/fr\/wp-json\/wp\/v2\/media\/308690"}],"wp:attachment":[{"href":"https:\/\/www.europesays.com\/fr\/wp-json\/wp\/v2\/media?parent=308689"}],"wp:term":[{"taxonomy":"category","embeddable":true,"href":"https:\/\/www.europesays.com\/fr\/wp-json\/wp\/v2\/categories?post=308689"},{"taxonomy":"post_tag","embeddable":true,"href":"https:\/\/www.europesays.com\/fr\/wp-json\/wp\/v2\/tags?post=308689"}],"curies":[{"name":"wp","href":"https:\/\/api.w.org\/{rel}","templated":true}]}}