{"id":308691,"date":"2025-08-10T04:23:10","date_gmt":"2025-08-10T04:23:10","guid":{"rendered":"https:\/\/www.europesays.com\/fr\/308691\/"},"modified":"2025-08-10T04:23:10","modified_gmt":"2025-08-10T04:23:10","slug":"mccarthy-le-maroc-a-eu-plus-de-repos-que-nous","status":"publish","type":"post","link":"https:\/\/www.europesays.com\/fr\/308691\/","title":{"rendered":"McCarthy : \u00abLe Maroc a eu plus de repos que nous\u00bb"},"content":{"rendered":"<p>En conf\u00e9rence de presse avant le match du Championnat d\u2019Afrique des Nations (CHAN) contre le Maroc, Benni McCarthy, l\u2019entra\u00eeneur du Kenya, a soulign\u00e9 que son \u00e9quipe ne serait pas un adversaire facile. Cependant, la star sud-africaine a exprim\u00e9 son inqui\u00e9tude quant \u00e0 la condition physique qui pourrait \u00eatre un facteur d\u00e9cisif.<\/p>\n<p>McCarthy a fait l\u2019\u00e9loge de l\u2019\u00e9quipe marocaine, la d\u00e9crivant comme une \u00ab \u00e9quipe forte et bien organis\u00e9e \u00bb et l\u2019une des meilleures du championnat. Il a \u00e9galement soulign\u00e9 l\u2019impr\u00e9visibilit\u00e9 de l\u2019\u00e9quipe marocaine, d\u00e9clarant : \u00ab Ce sera un match difficile contre l\u2019une des meilleures \u00e9quipes non seulement de notre groupe, mais aussi du championnat. Le Maroc est impr\u00e9visible et c\u2019est pourquoi nous devons faire preuve de qualit\u00e9 et \u00eatre mieux organis\u00e9s dans tous les compartiments du jeu. \u00bb<\/p>\n<p>McCarthy a \u00e9galement fait part de ses pr\u00e9occupations concernant l\u2019\u00e9tat physique de son \u00e9quipe, en raison du court temps de r\u00e9cup\u00e9ration. \u00ab Le Maroc a eu une semaine pour se pr\u00e9parer \u00e0 ce match, alors que nous avons jou\u00e9 notre dernier match il y a seulement deux jours \u00bb, a-t-il expliqu\u00e9. Malgr\u00e9 le d\u00e9fi, il reste optimiste. \u00ab J\u2019esp\u00e8re que la motivation et la condition physique seront au rendez-vous pour bien jouer le match contre le Maroc. \u00bb<\/p>\n<p>Avec deux titres du CHAN d\u00e9j\u00e0 \u00e0 leur actif, les Lions de l\u2019Atlas visent une qualification pr\u00e9coce pour le deuxi\u00e8me tour. Le match est pr\u00e9vu dimanche \u00e0 13 heures, heure du Maroc.<\/p>\n","protected":false},"excerpt":{"rendered":"En conf\u00e9rence de presse avant le match du Championnat d\u2019Afrique des Nations (CHAN) contre le Maroc, Benni McCarthy,&hellip;\n","protected":false},"author":2,"featured_media":308692,"comment_status":"","ping_status":"","sticky":false,"template":"","format":"standard","meta":{"footnotes":""},"categories":[1586],"tags":[11,1777,674,1779,1011,27,12,25,1778,364],"class_list":{"0":"post-308691","1":"post","2":"type-post","3":"status-publish","4":"format-standard","5":"has-post-thumbnail","7":"category-europe","8":"tag-actualites","9":"tag-eu","10":"tag-europe","11":"tag-european-union","12":"tag-fr","13":"tag-france","14":"tag-news","15":"tag-republique-francaise","16":"tag-ue","17":"tag-union-europeenne"},"share_on_mastodon":{"url":"https:\/\/pubeurope.com\/@fr\/115002566424443461","error":""},"_links":{"self":[{"href":"https:\/\/www.europesays.com\/fr\/wp-json\/wp\/v2\/posts\/308691","targetHints":{"allow":["GET"]}}],"collection":[{"href":"https:\/\/www.europesays.com\/fr\/wp-json\/wp\/v2\/posts"}],"about":[{"href":"https:\/\/www.europesays.com\/fr\/wp-json\/wp\/v2\/types\/post"}],"author":[{"embeddable":true,"href":"https:\/\/www.europesays.com\/fr\/wp-json\/wp\/v2\/users\/2"}],"replies":[{"embeddable":true,"href":"https:\/\/www.europesays.com\/fr\/wp-json\/wp\/v2\/comments?post=308691"}],"version-history":[{"count":0,"href":"https:\/\/www.europesays.com\/fr\/wp-json\/wp\/v2\/posts\/308691\/revisions"}],"wp:featuredmedia":[{"embeddable":true,"href":"https:\/\/www.europesays.com\/fr\/wp-json\/wp\/v2\/media\/308692"}],"wp:attachment":[{"href":"https:\/\/www.europesays.com\/fr\/wp-json\/wp\/v2\/media?parent=308691"}],"wp:term":[{"taxonomy":"category","embeddable":true,"href":"https:\/\/www.europesays.com\/fr\/wp-json\/wp\/v2\/categories?post=308691"},{"taxonomy":"post_tag","embeddable":true,"href":"https:\/\/www.europesays.com\/fr\/wp-json\/wp\/v2\/tags?post=308691"}],"curies":[{"name":"wp","href":"https:\/\/api.w.org\/{rel}","templated":true}]}}