{"id":308700,"date":"2025-08-10T04:29:24","date_gmt":"2025-08-10T04:29:24","guid":{"rendered":"https:\/\/www.europesays.com\/fr\/308700\/"},"modified":"2025-08-10T04:29:24","modified_gmt":"2025-08-10T04:29:24","slug":"bleus-de-travail-a-la-une-du-midi-olympique-decouvrez-votre-nouveau-numero","status":"publish","type":"post","link":"https:\/\/www.europesays.com\/fr\/308700\/","title":{"rendered":"\u00ab\u00a0Bleus de travail\u00a0\u00bb \u00e0 la Une du Midi Olympique\u00a0: d\u00e9couvrez votre nouveau num\u00e9ro"},"content":{"rendered":"<p>\n                Dans cette nouvelle \u00e9dition, on s\u2019int\u00e9resse aux internationaux fran\u00e7ais, qui ont repris pour la plupart l\u2019entra\u00eenement en club. Outre les sagas de l\u2019\u00e9t\u00e9 qui se poursuivent, un gros focus est fait sur l\u2019\u00e9quipe de France f\u00e9minine, qui affronte l\u2019Angleterre samedi en pr\u00e9paration de la Coupe du monde.\n            <\/p>\n<p>Un \u00e9t\u00e9 pour recharger les batteries\u00a0: les Bleus du Top 14 ont pu profiter de vacances bien m\u00e9rit\u00e9es avant de reprendre le chemin de l\u2019entra\u00eenement. Du moins pour la plupart\u00a0: la grande majorit\u00e9 des cadres de l\u2019\u00e9quipe de France ont eu le temps de souffler, et de soigner les bobos ici et l\u00e0. Dans votre Midol du vendredi 8\u00a0ao\u00fbt, d\u2019ores et d\u00e9j\u00e0 disponible en <a href=\"https:\/\/kiosque.midi-olympique.fr\/\" target=\"_self\" rel=\"nofollow noopener\"><strong>version num\u00e9rique<\/strong><\/a>, plusieurs pages sont consacr\u00e9es \u00e0 la gestion des \u00ab\u00a0pr\u00e9miums\u00a0\u00bb de Fabien Galthi\u00e9, avec notamment une interview de Yannick Bru, manager de l\u2019UBB.<\/p>\n<p>Vous pourrez aussi vous d\u00e9lecter des sagas de pr\u00e9sentation de Bayonne, Toulon, Provence Rugby et Valence-Romans, et lire le premier \u00e9pisode de notre nouvelle s\u00e9rie qui s\u2019intitule\u00a0: \u00ab\u00a02015\u00a0: dix ans apr\u00e8s la honte\u00a0\u00bb. Aussi, un long entretien avec Patrice Collazo, toutes les infos transferts, ou encore une double page consacr\u00e9e \u00e0 l\u2019\u00e9quipe de France f\u00e9minine qui s\u2019appr\u00eate \u00e0 d\u00e9fier les terribles Anglaises en pr\u00e9paration du Mondial.<\/p>\n","protected":false},"excerpt":{"rendered":"Dans cette nouvelle \u00e9dition, on s\u2019int\u00e9resse aux internationaux fran\u00e7ais, qui ont repris pour la plupart l\u2019entra\u00eenement en club.&hellip;\n","protected":false},"author":2,"featured_media":308701,"comment_status":"","ping_status":"","sticky":false,"template":"","format":"standard","meta":{"footnotes":""},"categories":[1416],"tags":[1011,27,479,1468,60],"class_list":{"0":"post-308700","1":"post","2":"type-post","3":"status-publish","4":"format-standard","5":"has-post-thumbnail","7":"category-rugby","8":"tag-fr","9":"tag-france","10":"tag-rugby","11":"tag-rugby-football","12":"tag-sports"},"share_on_mastodon":{"url":"https:\/\/pubeurope.com\/@fr\/115002590166482846","error":""},"_links":{"self":[{"href":"https:\/\/www.europesays.com\/fr\/wp-json\/wp\/v2\/posts\/308700","targetHints":{"allow":["GET"]}}],"collection":[{"href":"https:\/\/www.europesays.com\/fr\/wp-json\/wp\/v2\/posts"}],"about":[{"href":"https:\/\/www.europesays.com\/fr\/wp-json\/wp\/v2\/types\/post"}],"author":[{"embeddable":true,"href":"https:\/\/www.europesays.com\/fr\/wp-json\/wp\/v2\/users\/2"}],"replies":[{"embeddable":true,"href":"https:\/\/www.europesays.com\/fr\/wp-json\/wp\/v2\/comments?post=308700"}],"version-history":[{"count":0,"href":"https:\/\/www.europesays.com\/fr\/wp-json\/wp\/v2\/posts\/308700\/revisions"}],"wp:featuredmedia":[{"embeddable":true,"href":"https:\/\/www.europesays.com\/fr\/wp-json\/wp\/v2\/media\/308701"}],"wp:attachment":[{"href":"https:\/\/www.europesays.com\/fr\/wp-json\/wp\/v2\/media?parent=308700"}],"wp:term":[{"taxonomy":"category","embeddable":true,"href":"https:\/\/www.europesays.com\/fr\/wp-json\/wp\/v2\/categories?post=308700"},{"taxonomy":"post_tag","embeddable":true,"href":"https:\/\/www.europesays.com\/fr\/wp-json\/wp\/v2\/tags?post=308700"}],"curies":[{"name":"wp","href":"https:\/\/api.w.org\/{rel}","templated":true}]}}