{"id":308704,"date":"2025-08-10T04:32:09","date_gmt":"2025-08-10T04:32:09","guid":{"rendered":"https:\/\/www.europesays.com\/fr\/308704\/"},"modified":"2025-08-10T04:32:09","modified_gmt":"2025-08-10T04:32:09","slug":"la-joie-touchante-de-miller-avec-sa-famille-apres-sa-p2-source-de-boost-pour-la-motogp","status":"publish","type":"post","link":"https:\/\/www.europesays.com\/fr\/308704\/","title":{"rendered":"La joie touchante de Miller avec sa famille, apr\u00e8s sa P2, source de boost pour la MotoGP ?"},"content":{"rendered":"<p>Si tout le monde n\u2019avait, logiquement, d\u2019yeux que pour Johann Zarco apr\u00e8s sa brillante victoire sur les 8h de Suzuka, un autre pilote de MotoGP \u00e9tait pr\u00e9sent sur l\u2019\u00e9preuve : Jack Miller. Toujours dans l\u2019attente de la d\u00e9cision de Yamaha quant \u00e0 son avenir dans la cat\u00e9gorie reine, l\u2019Australien a probablement r\u00e9alis\u00e9 la performance qu\u2019il fallait, au bon moment\u2026<\/p>\n<p>Miller boost\u00e9 par les 8h de Suzuka en MotoGP, comme Johann ?<\/p>\n<p>En effet, l\u2019actuel pilote Pramac s\u2019est frott\u00e9 \u00e0 la Honda num\u00e9ro 30, victorieuse \u00e0 Suzuka, lui contestant la victoire durant une courte p\u00e9riode. Finalement, c\u2019est \u00e0 la deuxi\u00e8me place que s\u2019est class\u00e9 Jack Miller, en compagnie de ses deux co\u00e9quipiers. Un podium qui pourrait \u00eatre salvateur et lui redonner un peu de peps, en amont de la rentr\u00e9e de la MotoGP, fin de semaine prochaine. Rappellons-nous en effet l\u2019impact positif qu\u2019avait eu la victoire de JZ5 l\u2019an dernier, qui avait hauss\u00e9 son niveau de jeu juste apr\u00e8s, au guidon de la Honda du Team LCR.<\/p>\n<p>Nous saurons, bient\u00f4t, si l\u2019Australien aura lui aussi profit\u00e9 de son podium pour am\u00e9liorer ses performances en MotoGP. En attendant, voici la sc\u00e8ne touchante de l\u2019int\u00e9ress\u00e9, c\u00e9l\u00e9brant son podium avec son \u00e9pouse et sa fille, dans le parc ferm\u00e9. Une belle s\u00e9quence, riche en authenticit\u00e9, contribuant \u00e0 entretenir cette image positive d\u00e9gag\u00e9e par Jack Miller, en r\u00e8gne g\u00e9n\u00e9ral.<\/p>\n<blockquote class=\"instagram-media\" style=\"background: #FFF; border: 0; border-radius: 3px; box-shadow: 0 0 1px 0 rgba(0,0,0,0.5),0 1px 10px 0 rgba(0,0,0,0.15); margin: 1px; max-width: 540px; min-width: 326px; padding: 0; width: calc(100% - 2px);\" data-instgrm-captioned=\"\" data-instgrm-permalink=\"https:\/\/www.instagram.com\/reel\/DM5NOYrSfSN\/?utm_source=ig_embed&amp;utm_campaign=loading\" data-instgrm-version=\"14\">\n<\/blockquote>\n<p>Article publi\u00e9 le 10\/08\/2025 \u00e0 5h50<\/p>\n<p>                                                            <script async src=\"\/\/www.instagram.com\/embed.js\"><\/script><\/p>\n","protected":false},"excerpt":{"rendered":"Si tout le monde n\u2019avait, logiquement, d\u2019yeux que pour Johann Zarco apr\u00e8s sa brillante victoire sur les 8h&hellip;\n","protected":false},"author":2,"featured_media":308705,"comment_status":"","ping_status":"","sticky":false,"template":"","format":"standard","meta":{"footnotes":""},"categories":[1413],"tags":[1011,27,12836,1457,1456,1458,60],"class_list":{"0":"post-308704","1":"post","2":"type-post","3":"status-publish","4":"format-standard","5":"has-post-thumbnail","7":"category-moto","8":"tag-fr","9":"tag-france","10":"tag-jack-miller","11":"tag-moto","12":"tag-motocycle","13":"tag-motogp","14":"tag-sports"},"share_on_mastodon":{"url":"https:\/\/pubeurope.com\/@fr\/115002601956096023","error":""},"_links":{"self":[{"href":"https:\/\/www.europesays.com\/fr\/wp-json\/wp\/v2\/posts\/308704","targetHints":{"allow":["GET"]}}],"collection":[{"href":"https:\/\/www.europesays.com\/fr\/wp-json\/wp\/v2\/posts"}],"about":[{"href":"https:\/\/www.europesays.com\/fr\/wp-json\/wp\/v2\/types\/post"}],"author":[{"embeddable":true,"href":"https:\/\/www.europesays.com\/fr\/wp-json\/wp\/v2\/users\/2"}],"replies":[{"embeddable":true,"href":"https:\/\/www.europesays.com\/fr\/wp-json\/wp\/v2\/comments?post=308704"}],"version-history":[{"count":0,"href":"https:\/\/www.europesays.com\/fr\/wp-json\/wp\/v2\/posts\/308704\/revisions"}],"wp:featuredmedia":[{"embeddable":true,"href":"https:\/\/www.europesays.com\/fr\/wp-json\/wp\/v2\/media\/308705"}],"wp:attachment":[{"href":"https:\/\/www.europesays.com\/fr\/wp-json\/wp\/v2\/media?parent=308704"}],"wp:term":[{"taxonomy":"category","embeddable":true,"href":"https:\/\/www.europesays.com\/fr\/wp-json\/wp\/v2\/categories?post=308704"},{"taxonomy":"post_tag","embeddable":true,"href":"https:\/\/www.europesays.com\/fr\/wp-json\/wp\/v2\/tags?post=308704"}],"curies":[{"name":"wp","href":"https:\/\/api.w.org\/{rel}","templated":true}]}}