{"id":308714,"date":"2025-08-10T04:38:20","date_gmt":"2025-08-10T04:38:20","guid":{"rendered":"https:\/\/www.europesays.com\/fr\/308714\/"},"modified":"2025-08-10T04:38:20","modified_gmt":"2025-08-10T04:38:20","slug":"turbulences-dans-le-jardin-un-brin-de-folie-pour-les-petits","status":"publish","type":"post","link":"https:\/\/www.europesays.com\/fr\/308714\/","title":{"rendered":"Turbulences dans le jardin | Un brin de folie pour les petits"},"content":{"rendered":"<p class=\"lead textModule textModule--type-lead \" style=\"\">Avec ses deux filles, \u00e2g\u00e9es de 2 et 5\u00a0ans, l\u2019autrice jeunesse St\u00e9phanie Boyer aime prendre n\u2019importe quel moment du quotidien et imaginer toutes sortes de situations improbables qui pourraient en d\u00e9couler. Ce qu\u2019elle appelle leurs \u00ab\u00a0petites improvisations cr\u00e9atives\u00a0\u00bb a nourri l\u2019\u00e9criture de son plus r\u00e9cent album pour enfants, Turbulences dans le jardin, dans lequel une s\u00e9ance de fabrication d\u2019avions de papier prend une dr\u00f4le de tournure.<\/p>\n<p>                    Publi\u00e9 hier \u00e0 11\u00a0h\u00a000<\/p>\n<p>    <a class=\"print\" href=\"https:\/\/www.lapresse.ca\/arts\/litterature\/2025-08-09\/turbulences-dans-le-jardin\/javascript:window.print();\" title=\"Imprimer la page\" rel=\"nofollow noopener\" target=\"_blank\"><\/p>\n<p>        <img loading=\"lazy\" decoding=\"async\" width=\"16\" height=\"18\" src=\"https:\/\/www.europesays.com\/fr\/wp-content\/uploads\/2025\/04\/share-icon.png\" alt=\"Partager\"\/><\/p>\n<p class=\"paragraph textModule textModule--type-paragraph \" style=\"\">Dans les premi\u00e8res pages du livre, Luke, Wilbur et Jacqueline s\u2019affairent \u00e0 concevoir un avion de papier au \u00ab\u00a0moteur infatigable\u00a0\u00bb afin qu\u2019il puisse \u00ab\u00a0voler loin sans s\u2019arr\u00eater\u00a0\u00bb. Jusqu\u2019o\u00f9 voyagera leur construction\u00a0? Dans un endroit assez \u00e9loign\u00e9, si l\u2019on en croit les \u00e9tonnantes cr\u00e9atures qui rapportent aux trois enfants leur invention ail\u00e9e. \u00c9videmment, cela donne envie au trio de recommencer, au grand dam de leur voisin bourru.<\/p>\n<ul class=\"photoGalleryModule__roll\">\n<li class=\"photoGalleryModule__item\">\n<p>                            <img decoding=\"async\" src=\"https:\/\/www.europesays.com\/fr\/wp-content\/uploads\/2025\/08\/4bd9bc35e191344bb75fd4b971990e60.png\" alt=\"Extrait de Turbulences dans le jardin\" class=\"photoGalleryModule__visual\" itemprop=\"contentUrl url\"\/><\/p>\n<p class=\"credit photoGalleryModule__caption photoGalleryModule__caption--credit\" style=\"\">\n                                    ILLUSTRATION SAMUEL CANTIN, FOURNIE PAR FONFON\n                                <\/p>\n<p class=\"description photoGalleryModule__caption photoGalleryModule__caption--description\" style=\"\">\n                                    Extrait de Turbulences dans le jardin\n                                <\/p>\n<\/li>\n<li class=\"photoGalleryModule__item\">\n<p>                            <img decoding=\"async\" src=\"https:\/\/www.europesays.com\/fr\/wp-content\/uploads\/2025\/08\/19cd569a81de3b19bb782b6efc6518bd.png\" alt=\"Extrait de Turbulences dans le jardin\" class=\"photoGalleryModule__visual\" itemprop=\"contentUrl url\"\/><\/p>\n<p class=\"credit photoGalleryModule__caption photoGalleryModule__caption--credit\" style=\"\">\n                                    ILLUSTRATION SAMUEL CANTIN, FOURNIE PAR FONFON\n                                <\/p>\n<p class=\"description photoGalleryModule__caption photoGalleryModule__caption--description\" style=\"\">\n                                    Extrait de Turbulences dans le jardin\n                                <\/p>\n<\/li>\n<li class=\"photoGalleryModule__item\">\n<p>                            <img decoding=\"async\" src=\"https:\/\/www.europesays.com\/fr\/wp-content\/uploads\/2025\/08\/77e003e3c92d3860ba0afc7cd05cdee5.png\" alt=\"Extrait de Turbulences dans le jardin\" class=\"photoGalleryModule__visual\" itemprop=\"contentUrl url\"\/><\/p>\n<p class=\"credit photoGalleryModule__caption photoGalleryModule__caption--credit\" style=\"\">\n                                    ILLUSTRATION SAMUEL CANTIN, FOURNIE PAR FONFON\n                                <\/p>\n<p class=\"description photoGalleryModule__caption photoGalleryModule__caption--description\" style=\"\">\n                                    Extrait de Turbulences dans le jardin\n                                <\/p>\n<\/li>\n<\/ul>\n<p>1\/3<\/p>\n<p class=\"paragraph textModule textModule--type-paragraph \" style=\"\">Au fil des pages illustr\u00e9es par Samuel Cantin\u00a0\u2013 \u00e0 qui l\u2019on doit Vil et mis\u00e9rable, bande dessin\u00e9e r\u00e9cemment adapt\u00e9e au cin\u00e9ma \u2013, le lecteur d\u00e9couvre des situations de plus en plus abracadabrantes et absurdes, un type d\u2019humour que St\u00e9phanie Boyer aime beaucoup. \u00ab\u00a0Je trouve que c\u2019est tellement joyeux, confie-t-elle. C\u2019est comme un espace de libert\u00e9 qu\u2019on peut habiter, avec lequel on peut s\u2019amuser. On n\u2019a pas besoin de se soucier des contraintes.\u00a0\u00bb <\/p>\n<p class=\"paragraph textModule textModule--type-paragraph \" style=\"\">Au-del\u00e0 du plaisir qui \u00e9mane de la lecture ou de l\u2019\u00e9criture d\u2019un texte humoristique, cette ancienne enseignante au primaire aujourd\u2019hui conseill\u00e8re p\u00e9dagogique voit \u00e9galement avec son \u0153il de p\u00e9dagogue les bienfaits d\u2019exposer les jeunes \u00e0 ce genre d\u2019histoires. \u00ab\u00a0L\u2019humour absurde, c\u2019est vraiment le genre par excellence pour d\u00e9velopper la cr\u00e9ativit\u00e9 des enfants\u00a0\u00bb, soutient St\u00e9phanie Boyer. \u00ab\u00a0En fait, de n\u2019importe qui\u00a0\u00bb, se corrige-t-elle.<\/p>\n<p class=\"quoteText\" style=\"\">Quand on connecte des choses qui n\u2019ont pas de lien ensemble, on apprend un peu \u00e0 notre cerveau \u00e0 faire \u00e7a. Je trouve que tout le monde devrait lire de l\u2019humour absurde parce que c\u2019est vraiment puissant sur le cerveau.<\/p>\n<p class=\"quoteSource\" style=\"\">\n            St\u00e9phanie Boyer\n        <\/p>\n<p class=\"paragraph textModule textModule--type-paragraph \" style=\"\">Celle qui a publi\u00e9 pr\u00e8s d\u2019une dizaine de livres a aussi abord\u00e9 des sujets plus s\u00e9rieux dans ses \u0153uvres. Par exemple, le touchant album Je n\u2019ai rien dit parle d\u2019intimidation alors qu\u2019Un ciel sans oiseaux traite d\u2019\u00e9cologie. \u00ab\u00a0C\u2019est vraiment depuis que j\u2019ai des enfants que j\u2019ai envie d\u2019\u00e9crire des choses plus dr\u00f4les\u00a0\u00bb, confie l\u2019autrice, qui avoue avoir appris \u00e0 d\u00e9velopper l\u2019art d\u2019\u00eatre comique. \u00ab\u00a0Ce n\u2019\u00e9tait pas quelque chose de naturel chez moi\u00a0!\u00a0\u00bb<\/p>\n<p>                                        <img decoding=\"async\" src=\"https:\/\/www.europesays.com\/fr\/wp-content\/uploads\/2025\/08\/07613527c2fa39dbaf483c45f4557cf1.jpg\" alt=\"\" class=\"photoModule__visual\" itemprop=\"contentUrl url\"\/><\/p>\n<p class=\"credit photoModule__caption photoModule__caption--credit\" style=\"\">\n                    PHOTO FOURNIE PAR ST\u00c9PHANIE BOYER\n                <\/p>\n<p class=\"description photoModule__caption photoModule__caption--description\" style=\"\">\n                    L\u2019autrice St\u00e9phanie Boyer\n                <\/p>\n<p>                    Rendez-vous au Festival de litt\u00e9rature jeunesse de Montr\u00e9al<\/p>\n<p class=\"paragraph textModule textModule--type-paragraph \" style=\"\">Le th\u00e8me de l\u2019humour sera au c\u0153ur de l\u2019atelier qu\u2019elle animera avec Samuel Cantin, dimanche, au Festival de litt\u00e9rature jeunesse de Montr\u00e9al. St\u00e9phanie Boyer lira le d\u00e9but de Turbulences dans le jardin puis invitera le public \u00e0 imaginer de nouvelles p\u00e9rip\u00e9ties. \u00ab\u00a0Samuel va dessiner, pr\u00e9cise-t-elle. Il va donner vie aux id\u00e9es des gens. C\u2019est vraiment chouette. J\u2019aimerais \u00e7a, pouvoir voir mes id\u00e9es prendre vie comme \u00e7a, instantan\u00e9ment.\u00a0\u00bb<\/p>\n<p class=\"paragraph textModule textModule--type-paragraph \" style=\"\">Ayant l\u2019habitude de donner des ateliers dans les \u00e9coles, St\u00e9phanie Boyer trouve que l\u2019humour est toujours un sujet tr\u00e8s rassembleur qui peut aider \u00e0 d\u00e9velopper l\u2019amour de la lecture. Une heure du conte o\u00f9 on lit une histoire dr\u00f4le et o\u00f9 on rit ensemble, c\u2019est vivre une exp\u00e9rience positive \u00ab\u00a0qui nous lie aux autres\u00a0\u00bb, croit-elle.<\/p>\n<p class=\"infraNote textModule textModule--type-infraNote \" style=\"\">Le Festival de litt\u00e9rature jeunesse de Montr\u00e9al a lieu le dimanche\u00a010\u00a0ao\u00fbt, au parc No\u00ebl-Spinelli, dans l\u2019arrondissement de Lachine. L\u2019animation de St\u00e9phanie Boyer et de Samuel Cantin est pr\u00e9vue \u00e0 13\u00a0h.<\/p>\n<p><a class=\"linkModule ART\" href=\"https:\/\/www.fljmontreal.com\/%20\" target=\"_blank\" style=\"&#010;                \" rel=\"nofollow noopener\"><\/p>\n<p>        Consultez le site du festival<\/p>\n<p><\/a><\/p>\n<p>\t\t<img decoding=\"async\" src=\"https:\/\/www.europesays.com\/fr\/wp-content\/uploads\/2025\/08\/c37b615fbcea31ab9d5699cf4cdc2f9f.jpg\" alt=\"Turbulences dans le jardin\" itemprop=\"image\"\/><\/p>\n<p class=\"reviewModule__title name\" itemprop=\"name\">Turbulences dans le jardin<\/p>\n<p class=\"reviewModule__author\" itemprop=\"author\" itemscope=\"\" itemtype=\"https:\/\/schema.org\/Person\">Texte de St\u00e9phanie Boyer, illustrations de Samuel Cantin<\/p>\n<p class=\"reviewModule__publisher\" itemprop=\"publisher\" itemscope=\"\" itemtype=\"https:\/\/schema.org\/Organization\">Fonfon<\/p>\n<p class=\"reviewModule__pageCount\">D\u00e8s 5\u00a0ans <\/p>\n<p class=\"chapter textModule textModule--type-chapter&#10;    \" style=\"\">D\u2019autres livres pour rire<\/p>\n<p class=\"subhead textModule textModule--type-subhead&#10;    \" style=\"\">Enqu\u00eate absurde<\/p>\n<p class=\"paragraph textModule textModule--type-paragraph&#10;    \" style=\"\">Fra\u00eechement dipl\u00f4m\u00e9 d\u2019une \u00e9cole d\u2019espionnage ayant ses locaux dans le sous-sol d\u2019un garage, Nelson parcourt le monde pour mener sa premi\u00e8re mission\u00a0: retrouver un certain Gary. L\u2019espion, qui est aussi le narrateur de ce roman compl\u00e8tement loufoque, raconte son histoire rocambolesque tout en transmettant au lecteur les importants savoirs appris aupr\u00e8s de ses mentors, qu\u2019on devine peu qualifi\u00e9s. Une lecture totalement absurde et \u00f4 combien dr\u00f4le\u00a0!<\/p>\n<p>\t\t<img decoding=\"async\" src=\"https:\/\/www.europesays.com\/fr\/wp-content\/uploads\/2025\/08\/ea25d3519ee7350c84fa3a8790fb6891.jpg\" alt=\"Op\u00e9ration boui-boui\" itemprop=\"image\"\/><\/p>\n<p class=\"reviewModule__title name\" itemprop=\"name\">Op\u00e9ration boui-boui<\/p>\n<p class=\"reviewModule__author\" itemprop=\"author\" itemscope=\"\" itemtype=\"https:\/\/schema.org\/Person\">Texte de Fran\u00e7ois Gravel, illustrations d\u2019Anthony Charbonneau Grenier<\/p>\n<p class=\"reviewModule__publisher\" itemprop=\"publisher\" itemscope=\"\" itemtype=\"https:\/\/schema.org\/Organization\">La courte \u00e9chelle<\/p>\n<p class=\"reviewModule__pageCount\">D\u00e8s 10\u00a0ans <\/p>\n<p class=\"subhead textModule textModule--type-subhead&#10;    \" style=\"\">De nouveaux mondes<\/p>\n<p class=\"paragraph textModule textModule--type-paragraph&#10;    \" style=\"\">Au fond de la cour d\u2019un enfant, plein de choses se cachent. Chacun de ces objets lui sert de pr\u00e9texte pour imaginer un monde farfelu. Une chaussure abandonn\u00e9e lui permet d\u2019inventer un magasin de souliers pour \u00e9cureuils. Le nez d\u2019un bonhomme de neige lui fait penser \u00e0 un restaurant pour ratons laveurs. Et le carr\u00e9 de sable\u00a0? Il devient un chantier de construction. Ce sympathique album sign\u00e9 par les com\u00e9diennes \u00c9dith Cochrane et Isabelle Brouillette s\u2019ajoute \u00e0 leurs deux autres titres, Derri\u00e8re mon fauteuil et Sous mon lit.<\/p>\n<p>\t\t<img decoding=\"async\" src=\"https:\/\/www.europesays.com\/fr\/wp-content\/uploads\/2025\/08\/fb8f82ddd9c63bd8963a534c84bbd1f5.jpg\" alt=\"Au fond de ma cour\" itemprop=\"image\"\/><\/p>\n<p class=\"reviewModule__title name\" itemprop=\"name\">Au fond de ma cour<\/p>\n<p class=\"reviewModule__author\" itemprop=\"author\" itemscope=\"\" itemtype=\"https:\/\/schema.org\/Person\">Texte d\u2019\u00c9dith Cochrane, illustrations d\u2019Isabelle Brouillette<\/p>\n<p class=\"reviewModule__publisher\" itemprop=\"publisher\" itemscope=\"\" itemtype=\"https:\/\/schema.org\/Organization\">La Bagnole<\/p>\n<p class=\"reviewModule__pageCount\">D\u00e8s 4\u00a0ans <\/p>\n<p class=\"subhead textModule textModule--type-subhead&#10;    \" style=\"\">\u00c9tonnante journ\u00e9e de tournage<\/p>\n<p class=\"paragraph textModule textModule--type-paragraph&#10;    \" style=\"\">Le tournage du film Hibou Chou Genou d\u00e9bute bien mal. Le pou a disparu. Bob, le r\u00e9alisateur, doit absolument le retrouver. Pour ce faire, il visite tous les plateaux des Studios FolieSONS, du studio OU au studio EU, en passant par les studios O, CH, IN\u2026 Derri\u00e8re chacune des portes, d\u2019\u00e9tonnantes sc\u00e8nes se d\u00e9roulent. Un album comique qui joue avec les mots et les sons.<\/p>\n<p>\t\t<img decoding=\"async\" src=\"https:\/\/www.europesays.com\/fr\/wp-content\/uploads\/2025\/08\/ce253167e601383b8c6411c2c06f560d.jpg\" alt=\"Pagaille aux Studios FolieSONS\" itemprop=\"image\"\/><\/p>\n<p class=\"reviewModule__title name\" itemprop=\"name\">Pagaille aux Studios FolieSONS<\/p>\n<p class=\"reviewModule__author\" itemprop=\"author\" itemscope=\"\" itemtype=\"https:\/\/schema.org\/Person\">Texte de Fidjie Martell, illustrations de Vincent Toutou<\/p>\n<p class=\"reviewModule__publisher\" itemprop=\"publisher\" itemscope=\"\" itemtype=\"https:\/\/schema.org\/Organization\">Bayard Canada<\/p>\n<p class=\"reviewModule__pageCount\">D\u00e8s 3\u00a0ans <\/p>\n","protected":false},"excerpt":{"rendered":"Avec ses deux filles, \u00e2g\u00e9es de 2 et 5\u00a0ans, l\u2019autrice jeunesse St\u00e9phanie Boyer aime prendre n\u2019importe quel moment&hellip;\n","protected":false},"author":2,"featured_media":308715,"comment_status":"","ping_status":"","sticky":false,"template":"","format":"standard","meta":{"footnotes":""},"categories":[1357],"tags":[1379,58,59,1011,27,1380],"class_list":{"0":"post-308714","1":"post","2":"type-post","3":"status-publish","4":"format-standard","5":"has-post-thumbnail","7":"category-livres","8":"tag-books","9":"tag-divertissement","10":"tag-entertainment","11":"tag-fr","12":"tag-france","13":"tag-livres"},"share_on_mastodon":{"url":"https:\/\/pubeurope.com\/@fr\/115002626039434253","error":""},"_links":{"self":[{"href":"https:\/\/www.europesays.com\/fr\/wp-json\/wp\/v2\/posts\/308714","targetHints":{"allow":["GET"]}}],"collection":[{"href":"https:\/\/www.europesays.com\/fr\/wp-json\/wp\/v2\/posts"}],"about":[{"href":"https:\/\/www.europesays.com\/fr\/wp-json\/wp\/v2\/types\/post"}],"author":[{"embeddable":true,"href":"https:\/\/www.europesays.com\/fr\/wp-json\/wp\/v2\/users\/2"}],"replies":[{"embeddable":true,"href":"https:\/\/www.europesays.com\/fr\/wp-json\/wp\/v2\/comments?post=308714"}],"version-history":[{"count":0,"href":"https:\/\/www.europesays.com\/fr\/wp-json\/wp\/v2\/posts\/308714\/revisions"}],"wp:featuredmedia":[{"embeddable":true,"href":"https:\/\/www.europesays.com\/fr\/wp-json\/wp\/v2\/media\/308715"}],"wp:attachment":[{"href":"https:\/\/www.europesays.com\/fr\/wp-json\/wp\/v2\/media?parent=308714"}],"wp:term":[{"taxonomy":"category","embeddable":true,"href":"https:\/\/www.europesays.com\/fr\/wp-json\/wp\/v2\/categories?post=308714"},{"taxonomy":"post_tag","embeddable":true,"href":"https:\/\/www.europesays.com\/fr\/wp-json\/wp\/v2\/tags?post=308714"}],"curies":[{"name":"wp","href":"https:\/\/api.w.org\/{rel}","templated":true}]}}