{"id":308716,"date":"2025-08-10T04:39:54","date_gmt":"2025-08-10T04:39:54","guid":{"rendered":"https:\/\/www.europesays.com\/fr\/308716\/"},"modified":"2025-08-10T04:39:54","modified_gmt":"2025-08-10T04:39:54","slug":"audiences-tv-capitaine-marleau-sur-france-2-ne-fait-quune-bouchee-de-ninja-warrior-sur-tf-1","status":"publish","type":"post","link":"https:\/\/www.europesays.com\/fr\/308716\/","title":{"rendered":"Audiences\u00a0TV\u00a0: \u00ab\u00a0Capitaine Marleau\u00a0\u00bb sur France\u00a02 ne fait qu\u2019une bouch\u00e9e de \u00ab\u00a0Ninja Warrior\u00a0\u00bb sur TF\u00a01"},"content":{"rendered":"<p class=\"paragraph text_align_left lp-f-body-02\">Face au capitaine, le ninja s\u2019incline. Vendredi soir, la rediffusion de la s\u00e9rie <a href=\"https:\/\/www.leparisien.fr\/culture-loisirs\/tv\/audiences-tv-capitaine-marleau-sur-france-2-loin-devant-ninja-warrior-sur-tf-1-02-08-2025-J6BAU4N2ARDCRKU4ZX3ROV6UBQ.php\" target=\"_blank\" rel=\"noreferrer nofollow noopener\">\u00ab Capitaine Marleau \u00bb<\/a> a pris la t\u00eate des audiences sur France 2. L\u2019\u00e9pisode port\u00e9 par Corinne Masiero a captiv\u00e9 3,03 millions de t\u00e9l\u00e9spectateurs, soit 22,4 % du public. La semaine derni\u00e8re, un autre \u00e9pisode de la saga trustait d\u00e9j\u00e0 la premi\u00e8re place du podium. Il avait r\u00e9uni 3,40 millions de t\u00e9l\u00e9spectateurs devant leur t\u00e9l\u00e9vision, soit 23,8 % de part d\u2019audience (PDA).<\/p>\n<p class=\"paragraph text_align_left lp-f-body-02\">Devant ce succ\u00e8s, <a href=\"https:\/\/www.leparisien.fr\/culture-loisirs\/tv\/je-veux-devenir-un-des-visages-emblematiques-de-tf-1-anais-grangerac-lanimatrice-qui-monte-08-08-2025-ALC3SBRO6ZBWRFRHDMLZPPZMII.php\" target=\"_blank\" rel=\"noreferrer nofollow noopener\">\u00ab Ninja Warrior, le parcours des h\u00e9ros \u00bb<\/a> fait p\u00e2le figure. La grande finale du jeu, d\u00e9coup\u00e9e en deux parties et pr\u00e9sent\u00e9e par Denis Brogniart, Christophe Beaugrand et Ana\u00efs Grangerac a \u00e9t\u00e9 suivie par 1,65 million de t\u00e9l\u00e9spectateurs. Ce chiffre repr\u00e9sente 12,1 % de PDA sur l\u2019ensemble du public de 21h11 \u00e0 22h22 puis 15,0 % de 22h30 \u00e0 23h09, avec 1,66 million de t\u00e9l\u00e9spectateurs.<\/p>\n<p class=\"paragraph text_align_left lp-f-body-02\">L\u2019\u00e9mission a attir\u00e9 en moyenne 26 % des femmes responsables des achats de moins de 50 ans (FRDA-50). \u00c0 titre de comparaison, l\u2019an dernier, la finale de l\u2019\u00e9mission avait enthousiasm\u00e9 2,19 millions de t\u00e9l\u00e9spectateurs (14,6 % de PDA) pour la premi\u00e8re partie et 2,12 millions (16,6 % de PDA) pour la seconde.<\/p>\n<p>\u00ab La Carte aux tr\u00e9sors \u00bb sur le podium<\/p>\n<p class=\"paragraph text_align_left lp-f-body-02\">France 3 arrive troisi\u00e8me avec la rediffusion de \u00ab la Carte aux tr\u00e9sors \u00bb. Le jeu anim\u00e9 par <a href=\"https:\/\/www.leparisien.fr\/culture-loisirs\/cyril-feraud\/\" target=\"_blank\" rel=\"noreferrer nofollow noopener\">Cyril F\u00e9raud<\/a> se d\u00e9roulait cette fois-ci en Alsace et a \u00e9t\u00e9 (re) vu par 1,17 million de t\u00e9l\u00e9spectateurs, soit 9,3 % de part d\u2019audience. La semaine derni\u00e8re, ils \u00e9taient 1,19 million, soit 8,9 % de PDA.<\/p>\n<p class=\"paragraph text_align_left lp-f-body-02\">Enfin, le film fran\u00e7ais \u00ab Attention au d\u00e9part \u00bb sur M 6 se classe en quatri\u00e8me position. 1,04 million de cin\u00e9philes ont suivi les aventures d\u2019Andr\u00e9 Dussollier, J\u00e9r\u00f4me Commandeur et Jonathan Lambert. Sur le petit \u00e9cran \u00e0 21h10, ils ont amus\u00e9 7,9 % de part d\u2019audience sur l\u2019ensemble du public et ont explos\u00e9 le score du film de la semaine derni\u00e8re : la rediffusion de \u00ab Jos\u00e9phine \u00bb n\u2019avait conquis que 622 000 t\u00e9l\u00e9spectateurs.<\/p>\n","protected":false},"excerpt":{"rendered":"Face au capitaine, le ninja s\u2019incline. Vendredi soir, la rediffusion de la s\u00e9rie \u00ab Capitaine Marleau \u00bb a&hellip;\n","protected":false},"author":2,"featured_media":308717,"comment_status":"","ping_status":"","sticky":false,"template":"","format":"standard","meta":{"footnotes":""},"categories":[1356],"tags":[872,58,59,1011,27,252,2205,1364],"class_list":{"0":"post-308716","1":"post","2":"type-post","3":"status-publish","4":"format-standard","5":"has-post-thumbnail","7":"category-television","8":"tag-culture-et-loisirs","9":"tag-divertissement","10":"tag-entertainment","11":"tag-fr","12":"tag-france","13":"tag-television","14":"tag-television-medias","15":"tag-tv"},"share_on_mastodon":{"url":"https:\/\/pubeurope.com\/@fr\/115002633453390444","error":""},"_links":{"self":[{"href":"https:\/\/www.europesays.com\/fr\/wp-json\/wp\/v2\/posts\/308716","targetHints":{"allow":["GET"]}}],"collection":[{"href":"https:\/\/www.europesays.com\/fr\/wp-json\/wp\/v2\/posts"}],"about":[{"href":"https:\/\/www.europesays.com\/fr\/wp-json\/wp\/v2\/types\/post"}],"author":[{"embeddable":true,"href":"https:\/\/www.europesays.com\/fr\/wp-json\/wp\/v2\/users\/2"}],"replies":[{"embeddable":true,"href":"https:\/\/www.europesays.com\/fr\/wp-json\/wp\/v2\/comments?post=308716"}],"version-history":[{"count":0,"href":"https:\/\/www.europesays.com\/fr\/wp-json\/wp\/v2\/posts\/308716\/revisions"}],"wp:featuredmedia":[{"embeddable":true,"href":"https:\/\/www.europesays.com\/fr\/wp-json\/wp\/v2\/media\/308717"}],"wp:attachment":[{"href":"https:\/\/www.europesays.com\/fr\/wp-json\/wp\/v2\/media?parent=308716"}],"wp:term":[{"taxonomy":"category","embeddable":true,"href":"https:\/\/www.europesays.com\/fr\/wp-json\/wp\/v2\/categories?post=308716"},{"taxonomy":"post_tag","embeddable":true,"href":"https:\/\/www.europesays.com\/fr\/wp-json\/wp\/v2\/tags?post=308716"}],"curies":[{"name":"wp","href":"https:\/\/api.w.org\/{rel}","templated":true}]}}