{"id":308718,"date":"2025-08-10T04:40:19","date_gmt":"2025-08-10T04:40:19","guid":{"rendered":"https:\/\/www.europesays.com\/fr\/308718\/"},"modified":"2025-08-10T04:40:19","modified_gmt":"2025-08-10T04:40:19","slug":"les-arctic-monkeys-sont-ils-bientot-de-retour","status":"publish","type":"post","link":"https:\/\/www.europesays.com\/fr\/308718\/","title":{"rendered":"Les Arctic Monkeys sont-ils bient\u00f4t de retour ?"},"content":{"rendered":"<p>Alors qu\u2019un faisceau d\u2019indices laisse croire \u00e0 un retour discographique du groupe de Sheffield, les internautes exultent. \u201cThe Car\u201d, leur dernier album, verra-t-il poindre son successeur l\u2019ann\u00e9e prochaine ?<\/p>\n<p>La presse anglophone comme les fans sont sur le qui-vive : les <a href=\"https:\/\/www.lesinrocks.com\/musique\/the-car-le-nouveau-chef-doeuvre-affranchi-des-arctic-monkeys-504051-19-10-2022\/\" rel=\"nofollow noopener\" target=\"_blank\">Arctic Monkeys <\/a>seraient-ils en train de pr\u00e9parer leur retour ? C\u2019est en tout cas ce que laisse penser un faisceau d\u2019indices collect\u00e9s \u00e0 la fois sur la toile, les r\u00e9seaux sociaux et le site internet du groupe de Sheffield. Nouvel album dans les tuyaux ou non, ce dernier vient de lancer sa propre maison de disques, Bang Bang Recordings, r\u00e9pertori\u00e9e au nom de chacun de ses membres sur le <a href=\"https:\/\/find-and-update.company-information.service.gov.uk\/company\/OC457678\/officers\" rel=\"nofollow noopener\" target=\"_blank\">site du gouvernement britannique<\/a> : <a href=\"https:\/\/www.lesinrocks.com\/musique\/alex-turner-victime-de-la-dutch-disease-561145-11-05-2023\/\" rel=\"nofollow noopener\" target=\"_blank\">Alex Turner<\/a>, Nicholas O\u2019Malley, Matthew Helders et Jamie Cook.<\/p>\n<p>\u00c0 cela s\u2019ajoute l\u2019actualisation du <a href=\"https:\/\/arcticmonkeys.com\" rel=\"nofollow noopener\" target=\"_blank\">site internet du quatuor<\/a>. Depuis la sortie de <a href=\"https:\/\/www.lesinrocks.com\/musique\/the-car-le-nouveau-chef-doeuvre-affranchi-des-arctic-monkeys-504051-19-10-2022\/\" rel=\"nofollow noopener\" target=\"_blank\">The Car<\/a>, leur dernier album sorti fin 2022, cette page d\u2019accueil comportait un lien d\u2019\u00e9coute ainsi qu\u2019un second pour acheter le disque en question. Depuis fin juillet, n\u2019appara\u00eet que le nom du groupe sur un fond vert kaki. Un changement esth\u00e9tique soulign\u00e9 par un compte fan sur Instagram, qui pourrait augurer d\u2019une sortie \u00e0 venir.<\/p>\n<p>D\u2019autant que sur les r\u00e9seaux sociaux, les rumeurs se multiplient. Un compte intitul\u00e9 \u201cHas it Leaked\u201d, connu pour relayer des on-dit (parfois vrais) sur tel\u00b7le ou tel\u00b7le artiste, a assur\u00e9 que le groupe avait r\u00e9serv\u00e9 des sessions en studio pour le mois de novembre. <\/p>\n<p><a href=\"https:\/\/www.europesays.com\/fr\/wp-content\/uploads\/2025\/08\/AM-rumeurs-t-742x357.png\" data-barba-prevent=\"\" data-pswp-width=\"742\" data-pswp-height=\"357\"><\/p>\n<p><img loading=\"lazy\" decoding=\"async\" width=\"742\" height=\"357\" src=\"https:\/\/www.europesays.com\/fr\/wp-content\/uploads\/2025\/08\/AM-rumeurs-t-742x357.png\" class=\"attachment-thumbnail size-thumbnail\" alt=\"&#10;&#10;\"\/><\/p>\n<p><\/a><\/p>\n<p>Des \u00e9l\u00e9ments qui ont valu aux fans de prendre d\u2019assaut le forum Reddit pour exulter :\u201cNOUS AURONS UN NOUVEL ALBUM EN 2026 !!!!\u201d, s\u2019exclame un\u00b7e internaute, tandis qu\u2019un autre affirme \u00eatre \u201ctellement pr\u00eat\u201d. \u201cCette nouvelle me donne envie de faire la Macarena dans l\u2019antre du diable\u201d, rench\u00e9rit un\u00b7e autre. Un enthousiasme palpable.<\/p>\n","protected":false},"excerpt":{"rendered":"Alors qu\u2019un faisceau d\u2019indices laisse croire \u00e0 un retour discographique du groupe de Sheffield, les internautes exultent. \u201cThe&hellip;\n","protected":false},"author":2,"featured_media":308719,"comment_status":"","ping_status":"","sticky":false,"template":"","format":"standard","meta":{"footnotes":""},"categories":[1355],"tags":[58,59,1011,27,1361,873],"class_list":{"0":"post-308718","1":"post","2":"type-post","3":"status-publish","4":"format-standard","5":"has-post-thumbnail","7":"category-musique","8":"tag-divertissement","9":"tag-entertainment","10":"tag-fr","11":"tag-france","12":"tag-music","13":"tag-musique"},"share_on_mastodon":{"url":"https:\/\/pubeurope.com\/@fr\/115002633593843325","error":""},"_links":{"self":[{"href":"https:\/\/www.europesays.com\/fr\/wp-json\/wp\/v2\/posts\/308718","targetHints":{"allow":["GET"]}}],"collection":[{"href":"https:\/\/www.europesays.com\/fr\/wp-json\/wp\/v2\/posts"}],"about":[{"href":"https:\/\/www.europesays.com\/fr\/wp-json\/wp\/v2\/types\/post"}],"author":[{"embeddable":true,"href":"https:\/\/www.europesays.com\/fr\/wp-json\/wp\/v2\/users\/2"}],"replies":[{"embeddable":true,"href":"https:\/\/www.europesays.com\/fr\/wp-json\/wp\/v2\/comments?post=308718"}],"version-history":[{"count":0,"href":"https:\/\/www.europesays.com\/fr\/wp-json\/wp\/v2\/posts\/308718\/revisions"}],"wp:featuredmedia":[{"embeddable":true,"href":"https:\/\/www.europesays.com\/fr\/wp-json\/wp\/v2\/media\/308719"}],"wp:attachment":[{"href":"https:\/\/www.europesays.com\/fr\/wp-json\/wp\/v2\/media?parent=308718"}],"wp:term":[{"taxonomy":"category","embeddable":true,"href":"https:\/\/www.europesays.com\/fr\/wp-json\/wp\/v2\/categories?post=308718"},{"taxonomy":"post_tag","embeddable":true,"href":"https:\/\/www.europesays.com\/fr\/wp-json\/wp\/v2\/tags?post=308718"}],"curies":[{"name":"wp","href":"https:\/\/api.w.org\/{rel}","templated":true}]}}