{"id":308720,"date":"2025-08-10T04:41:21","date_gmt":"2025-08-10T04:41:21","guid":{"rendered":"https:\/\/www.europesays.com\/fr\/308720\/"},"modified":"2025-08-10T04:41:21","modified_gmt":"2025-08-10T04:41:21","slug":"chad-michael-murray-revele-la-raison-de-son-retour-dans-freaky-friday-2-si-je-revenais-cetait-aussi-pour-ca","status":"publish","type":"post","link":"https:\/\/www.europesays.com\/fr\/308720\/","title":{"rendered":"Chad Michael Murray r\u00e9v\u00e8le la raison de son retour dans Freaky Friday 2\u00a0: \u00ab\u00a0Si je revenais, c\u2019\u00e9tait aussi pour \u00e7a\u2026\u00a0\u00bb"},"content":{"rendered":"<p>  \tVingt ans apr\u00e8s le succ\u00e8s culte de \u00ab\u00a0Freaky Friday\u00a0\u00bb (Dans la peau de ma m\u00e8re), Chad Michael Murray reprend son r\u00f4le de Jake dans une suite tr\u00e8s attendue, aux c\u00f4t\u00e9s de Jamie Lee Curtis et Lindsay Lohan.<\/p>\n<p>&#13;<br \/>\n&#13;<\/p>\n<p>Vingt-deux ans apr\u00e8s avoir \u00e9chang\u00e9 leurs vies dans \u00ab\u00a0Freaky Friday\u00a0: Dans la peau de ma m\u00e8re\u00a0\u00bb, com\u00e9die culte des ann\u00e9es 2000, l\u2019histoire revient sur grand \u00e9cran avec une suite intitul\u00e9e \u00ab\u00a0Freakier Friday\u00a0\u00bb, en salles depuis le 6 ao\u00fbt 2025.<\/p>\n<p>Jamie Lee Curtis et Lindsay Lohan y retrouvent leurs r\u00f4les embl\u00e9matiques de Tess et Anna Coleman, m\u00e8re et fille unies par une exp\u00e9rience aussi improbable qu\u2019instructive\u00a0: un \u00e9change de corps.<\/p>\n<p>&#13;<br \/>\n&#13;<\/p>\n<p>&#13;<br \/>\n&#13;<br \/>\nUne dynamique familiale \u00e0 nouveau boulevers\u00e9e<\/p>\n<p>Dans ce nouvel opus r\u00e9alis\u00e9 par Nisha Ganatra, Anna est d\u00e9sormais maman d\u2019une adolescente et s\u2019appr\u00eate \u00e0 accueillir une belle-fille. Entre tensions familiales et diff\u00e9rences de caract\u00e8re, m\u00e8re et fille vont d\u00e9couvrir que la magie de leur jeunesse peut frapper \u00e0 nouveau\u2026 et cette fois, l\u2019\u00e9change de corps ne se fera pas seulement \u00e0 deux.<\/p>\n<p>  &#13;<br \/>\n  \u00c0 lire aussi&#13;<br \/>\n  &#13;<br \/>\n        <a class=\"r-stories--link\" href=\"https:\/\/www.youtube.com\/watch?time_continue=1&amp;v=fTOGmD_gAbA&amp;embeds_referring_euri=https%3A%2F%2Fwww.rtl.be%2F&amp;source_ve_path=Mjg2NjY\" target=\"_blank\" rel=\"nofollow noopener\">https:\/\/www.youtube.com\/watch?time_continue=1&amp;v=fTOGmD_gAbA&amp;embeds_referring_euri=https%3A%2F%2Fwww.rtl.be%2F&amp;source_ve_path=Mjg2NjY<\/a>&#13;<br \/>\n  &#13;<br \/>\n&#13;<\/p>\n<p>Aux c\u00f4t\u00e9s de Jamie Lee Curtis et Lindsay Lohan, une grande partie du casting original reprend du service\u00a0: Mark Harmon, Chad Michael Murray, Christina Vidal Mitchell, Haley Hudson, Lucille Soong, Stephen Tobolowsky et Rosalind Chao. De nouveaux visages rejoignent \u00e9galement l\u2019aventure\u00a0: Julia Butters, Sophia Hammons, Manny Jacinto et Maitreyi Ramakrishnan.<\/p>\n<p>Chad Michael Murray retrouve Jake, 20 ans plus tard<\/p>\n<p>Pour Chad Michael Murray, revenir dans la peau de Jake \u00e9tait inattendu\u00a0: \u00ab\u00a0C\u2019est une exp\u00e9rience incroyable, tout simplement. Et ce n\u2019est pas quelque chose que j\u2019aurais imagin\u00e9 revisiter un jour\u00a0\u00bb, confie l\u2019acteur.<\/p>\n<p>&#13;<br \/>\n&#13;<\/p>\n<p>&#13;<br \/>\n&#13;<\/p>\n<p>Il admet avoir eu une motivation particuli\u00e8re\u00a0: \u00ab\u00a0Austin Ames, Lucas Scott, Tristan Dugray\u2026 tous mes personnages avaient un nom complet. Et Jake\u00a0? Jake quoi\u00a0? Alors si je revenais, c\u2019\u00e9tait aussi pour \u00e7a\u00a0: on allait enfin lui donner un nom de famille\u00a0\u00bb.<\/p>\n<p>  &#13;<br \/>\n  \u00c0 lire aussi&#13;<br \/>\n  &#13;<\/p>\n<p>  <img decoding=\"async\" data-copyright=\"RTL Belgium\" class=\"r-img\"  typeof=\"foaf:Image\" src=\"https:\/\/www.europesays.com\/fr\/wp-content\/uploads\/2025\/08\/46465811.jpeg\" alt=\"Freaky Friday\"\/><br \/>\n        <a class=\"r-stories--link\" href=\"https:\/\/www.rtl.be\/people\/news\/il-fallu-que-je-fasse-attention-jamie-lee-curtis-devoile-le-defi-le-plus\/2025-08-06\/article\/758953\" rel=\"nofollow noopener\" target=\"_blank\">\u00ab\u00a0Il a fallu que je fasse attention \u00e0\u2026\u00a0\u00bb\u00a0: Jamie Lee Curtis\u00a0d\u00e9voile le d\u00e9fi le plus surprenant de sa carri\u00e8re<\/a>&#13;<br \/>\n  &#13;<br \/>\n&#13;<\/p>\n<p>Pour se replonger dans son r\u00f4le, Chad Michael Murray a imagin\u00e9 le parcours de son personnage depuis le premier film\u00a0: \u00ab\u00a0Dans le premier, c\u2019\u00e9tait un gamin intelligent, bosseur, avec plein de petits boulots. Aujourd\u2019hui, je le vois comme un type qui a mont\u00e9 plusieurs entreprises, qui a eu du succ\u00e8s, peut-\u00eatre investi dans le Bitcoin\u2026 Mais il reste discret. Et peut-\u00eatre qu\u2019il esp\u00e8re encore secr\u00e8tement retrouver quelqu\u2019un qu\u2019il n\u2019a jamais oubli\u00e9\u00a0\u00bb.<\/p>\n<p>Et s\u2019il pouvait \u00e9changer de corps dans la vraie vie\u00a0?<\/p>\n<p>Sans h\u00e9siter, l\u2019acteur r\u00e9pond\u00a0: \u00ab\u00a0Si je pouvais \u00e9changer de corps, je choisirais Harrison Ford. Parce qu\u2019il est juste vraiment cool\u00a0\u00bb. Un choix valid\u00e9 par son partenaire \u00e0 l\u2019\u00e9cran Manny Jacinto, qui ajoute Keanu Reeves \u00e0 la liste des personnalit\u00e9s qu\u2019il admire\u00a0: \u00ab\u00a0Ce sont des hommes qui ont eu de grandes carri\u00e8res et qui sont rest\u00e9s de grands hommes\u00a0\u00bb.<\/p>\n<p>Et dans la peau d\u2019Harrison Ford, Chad sait d\u00e9j\u00e0 quoi faire\u00a0: \u00ab\u00a0Je parlerais aux gens et je dirais ce que je veux. Peu importe ce qu\u2019il dit, \u00e7a passe toujours avec charme\u00a0\u00bb. Manny Jacinto, lui, r\u00eave d\u2019une vir\u00e9e motoris\u00e9e\u00a0: \u00ab\u00a0Je descendrais les routes de Topanga Canyon\u00a0\u00bb.<\/p>\n<p>  &#13;<br \/>\n  \u00c0 lire aussi&#13;<br \/>\n  &#13;<\/p>\n<p>  <img decoding=\"async\" data-copyright=\"\u00a9Content Curation\" class=\"r-img\"  typeof=\"foaf:Image\" src=\"https:\/\/www.europesays.com\/fr\/wp-content\/uploads\/2025\/08\/lindsay-lohan.jpg\" alt=\"lindsay-lohan\"\/><br \/>\n        <a class=\"r-stories--link\" href=\"https:\/\/www.rtl.be\/people\/news\/freaky-friday-revient-au-cinema-jamie-lee-curtis-et-lindsay-lohan-echangent\/2025-03-26\/article\/743929\" rel=\"nofollow noopener\" target=\"_blank\">\u00ab\u00a0Freaky Friday\u00a0\u00bb revient au cin\u00e9ma: Jamie Lee Curtis et Lindsay Lohan \u00e9changent (encore) leurs corps, vingt ans apr\u00e8s<\/a>&#13;<br \/>\n  &#13;<br \/>\n&#13;<\/p>\n<p>Dans le film, Manny Jacinto incarne le nouveau compagnon d\u2019Anna (Lindsay Lohan). Pour lui, participer \u00e0 cette suite est un honneur\u00a0: \u00ab\u00a0J\u2019ai vu le premier Freaky Friday au cin\u00e9ma comme tous les gosses \u00e0 l\u2019\u00e9poque. Et honn\u00eatement, parfois c\u2019est un peu impressionnant de faire partie de cet univers et de cette franchise. Beaucoup de gens sont venus nous voir en disant qu\u2019ils attendaient cette suite depuis 22 ou 23 ans. C\u2019est l\u00e0 qu\u2019on r\u00e9alise que c\u2019est devenu un vrai ph\u00e9nom\u00e8ne. Et en faire partie, c\u2019est une immense joie, presque irr\u00e9elle\u2026 mais aussi un vrai plaisir\u00a0\u00bb.<\/p>\n<p>Rendez-vous dans les salles pour d\u00e9couvrir \u00ab\u00a0Freaky Friday 2\u00a0: Encore dans la peau de ma m\u00e8re\u00a0\u00bb, une com\u00e9die entre humour, \u00e9motion et douce nostalgie.<\/p>\n<p>&#13;<br \/>\n&#13;<\/p>\n<p>&#13;<br \/>\n&#13;<\/p>\n","protected":false},"excerpt":{"rendered":"Vingt ans apr\u00e8s le succ\u00e8s culte de \u00ab\u00a0Freaky Friday\u00a0\u00bb (Dans la peau de ma m\u00e8re), Chad Michael Murray&hellip;\n","protected":false},"author":2,"featured_media":308721,"comment_status":"","ping_status":"","sticky":false,"template":"","format":"standard","meta":{"footnotes":""},"categories":[1354],"tags":[29950,58,59,1346,1011,27,1360],"class_list":{"0":"post-308720","1":"post","2":"type-post","3":"status-publish","4":"format-standard","5":"has-post-thumbnail","7":"category-films","8":"tag-nodefield_freetags","9":"tag-divertissement","10":"tag-entertainment","11":"tag-films","12":"tag-fr","13":"tag-france","14":"tag-movies"},"share_on_mastodon":{"url":"https:\/\/pubeurope.com\/@fr\/115002637389866719","error":""},"_links":{"self":[{"href":"https:\/\/www.europesays.com\/fr\/wp-json\/wp\/v2\/posts\/308720","targetHints":{"allow":["GET"]}}],"collection":[{"href":"https:\/\/www.europesays.com\/fr\/wp-json\/wp\/v2\/posts"}],"about":[{"href":"https:\/\/www.europesays.com\/fr\/wp-json\/wp\/v2\/types\/post"}],"author":[{"embeddable":true,"href":"https:\/\/www.europesays.com\/fr\/wp-json\/wp\/v2\/users\/2"}],"replies":[{"embeddable":true,"href":"https:\/\/www.europesays.com\/fr\/wp-json\/wp\/v2\/comments?post=308720"}],"version-history":[{"count":0,"href":"https:\/\/www.europesays.com\/fr\/wp-json\/wp\/v2\/posts\/308720\/revisions"}],"wp:featuredmedia":[{"embeddable":true,"href":"https:\/\/www.europesays.com\/fr\/wp-json\/wp\/v2\/media\/308721"}],"wp:attachment":[{"href":"https:\/\/www.europesays.com\/fr\/wp-json\/wp\/v2\/media?parent=308720"}],"wp:term":[{"taxonomy":"category","embeddable":true,"href":"https:\/\/www.europesays.com\/fr\/wp-json\/wp\/v2\/categories?post=308720"},{"taxonomy":"post_tag","embeddable":true,"href":"https:\/\/www.europesays.com\/fr\/wp-json\/wp\/v2\/tags?post=308720"}],"curies":[{"name":"wp","href":"https:\/\/api.w.org\/{rel}","templated":true}]}}