{"id":308724,"date":"2025-08-10T04:44:20","date_gmt":"2025-08-10T04:44:20","guid":{"rendered":"https:\/\/www.europesays.com\/fr\/308724\/"},"modified":"2025-08-10T04:44:20","modified_gmt":"2025-08-10T04:44:20","slug":"roger-erhart-hospitalise-delphine-wespiser-apeuree-elle-ne-peut-pas-rentrer-en-france","status":"publish","type":"post","link":"https:\/\/www.europesays.com\/fr\/308724\/","title":{"rendered":"Roger Erhart hospitalis\u00e9 : Delphine Wespiser apeur\u00e9e, elle ne peut pas rentrer en France"},"content":{"rendered":"<p>      R\u00e9sum\u00e9<\/p>\n<p>Delphine Wespiser, bloqu\u00e9e \u00e0 l&rsquo;\u00e9tranger, peine \u00e0 trouver un vol de retour urgent alors que Roger Erhart est hospitalis\u00e9, ce qui accro\u00eet son inqui\u00e9tude.<\/p>\n<p>        Sommaire<\/p>\n<p><strong>Delphine Wespiser est en panique<\/strong>. L&rsquo;animatrice de L&rsquo;\u00eele de la tentation, et prochainement de Qui veut \u00e9pouser mon fils, a eu un mauvais pressentiment lorsqu&rsquo;elle a accept\u00e9, bon gr\u00e9 mal gr\u00e9, de partir en vacances. Mais comme elle l&rsquo;a expliqu\u00e9 \u00e0 ses abonn\u00e9s sur Instagram ce samedi,<strong> la jeune femme aurait mieux faire \u00ab\u00a0de respecter (ses) intuitions\u00a0\u00bb<\/strong>. Souhaitant \u00e0 tout prix prendre un vol retour, Delphine Wespiser n&rsquo;arrive pas \u00e0 trouver une place en urgence&#8230;<\/p>\n<p>Bloqu\u00e9e \u00e0 des milliers de kilom\u00e8tres de la France, Delphine Wespiser stresse&#8230; \u00ab\u00a0Cela fait 24 heures enti\u00e8res, sans r\u00e9pit, que<strong> je cherche une solution pour rentrer d&rsquo;urgence et avancer mon vol retour<\/strong>. Un casse-t\u00eate asphyxiant \u00e0 r\u00e9actualiser toute cette nuit et la journ\u00e9e d&rsquo;hier (pour trouver un vol plus rapide) les sites de r\u00e9sa pour voir si d\u00e9sistements. <strong>N&rsquo;y a-t-il pas une ou deux places par vol pour les retours urgents<\/strong> ? \u00c7a, c&rsquo;est dans les films\u00a0\u00bb d\u00e9sesp\u00e8re <a href=\"https:\/\/www.public.fr\/delphine-wespiser-a-la-surprise-generale-l-ancienne-miss-france-quitte-cyril-hanouna-et-tpmp-pour-animer-une-emission-de-telerealite\" rel=\"nofollow noopener\" target=\"_blank\">l&rsquo;ancienne chroniqueuse de TPMP<\/a> sur C8.<\/p>\n<p>\u00ab\u00a0La vie, c&rsquo;est que c&rsquo;est oppressant d&rsquo;\u00eatre bloqu\u00e9 quelque part en vacances, quand on veut repartir d&rsquo;urgence. Il faut s&rsquo;\u00e9couter. Je ne voulais pas partir et je l&rsquo;ai fait. <strong>Je ressens de plus en plus de choses et je vais respecter mes intuitions \u00e0 pr\u00e9sent<\/strong>\u00a0\u00bb s&rsquo;est promise la jeune femme.<\/p>\n<p>Roger est malade, Delphine Wespiser ne peut pas le retrouver<\/p>\n<p>Effectivement, ce retour souhait\u00e9 co\u00efncide avec <a href=\"https:\/\/www.public.fr\/roger-erhart-lex-de-delphine-wespiser-gravement-malade-le-cliche-qui-ne-laisse-peu-de-place-au-doute\" rel=\"nofollow noopener\" target=\"_blank\">l&rsquo;hospitalisation de Roger Erhart<\/a>&#8230; L&rsquo;ex de Delphine, avec lequel celle-ci s&rsquo;est r\u00e9concili\u00e9e depuis plusieurs mois sans toutefois officialiser un possible de retour de flammes, <strong>a publi\u00e9 une story sur laquelle il appara\u00eet dans un lit d&rsquo;h\u00f4pital<\/strong>.<\/p>\n<p>Plus amaigri que jamais, le quinquag\u00e9naire semble \u00e9galement tr\u00e8s affaibli. Son corps est rempli d&rsquo;\u00e9lectrodes, et un cath\u00e9ter semble lui avoir \u00e9t\u00e9 pos\u00e9 au niveau du cou&#8230; <strong>Delphine Wespiser veut s\u00fbrement \u00eatre \u00e0 ses c\u00f4t\u00e9s<\/strong>, mais les compagnies a\u00e9riennes semblent n&rsquo;en faire qu&rsquo;\u00e0 leur t\u00eate. Gageons qu&rsquo;elle trouve une solution dans les prochaines heures !<\/p>\n<p>      Mentionn\u00e9s dans cet article<\/p>\n<p>      Sur le m\u00eame sujet<\/p>\n","protected":false},"excerpt":{"rendered":"R\u00e9sum\u00e9 Delphine Wespiser, bloqu\u00e9e \u00e0 l&rsquo;\u00e9tranger, peine \u00e0 trouver un vol de retour urgent alors que Roger Erhart&hellip;\n","protected":false},"author":2,"featured_media":308725,"comment_status":"","ping_status":"","sticky":false,"template":"","format":"standard","meta":{"footnotes":""},"categories":[8],"tags":[12318,33841,58,59,1011,27,100,226,12819,71,549,926],"class_list":{"0":"post-308724","1":"post","2":"type-post","3":"status-publish","4":"format-standard","5":"has-post-thumbnail","7":"category-divertissement","8":"tag-coup-de-gueule","9":"tag-delphine-wespiser","10":"tag-divertissement","11":"tag-entertainment","12":"tag-fr","13":"tag-france","14":"tag-hopital","15":"tag-maladie","16":"tag-peur","17":"tag-sante","18":"tag-touche-pas-a-mon-poste","19":"tag-train"},"share_on_mastodon":{"url":"https:\/\/pubeurope.com\/@fr\/115002649193109910","error":""},"_links":{"self":[{"href":"https:\/\/www.europesays.com\/fr\/wp-json\/wp\/v2\/posts\/308724","targetHints":{"allow":["GET"]}}],"collection":[{"href":"https:\/\/www.europesays.com\/fr\/wp-json\/wp\/v2\/posts"}],"about":[{"href":"https:\/\/www.europesays.com\/fr\/wp-json\/wp\/v2\/types\/post"}],"author":[{"embeddable":true,"href":"https:\/\/www.europesays.com\/fr\/wp-json\/wp\/v2\/users\/2"}],"replies":[{"embeddable":true,"href":"https:\/\/www.europesays.com\/fr\/wp-json\/wp\/v2\/comments?post=308724"}],"version-history":[{"count":0,"href":"https:\/\/www.europesays.com\/fr\/wp-json\/wp\/v2\/posts\/308724\/revisions"}],"wp:featuredmedia":[{"embeddable":true,"href":"https:\/\/www.europesays.com\/fr\/wp-json\/wp\/v2\/media\/308725"}],"wp:attachment":[{"href":"https:\/\/www.europesays.com\/fr\/wp-json\/wp\/v2\/media?parent=308724"}],"wp:term":[{"taxonomy":"category","embeddable":true,"href":"https:\/\/www.europesays.com\/fr\/wp-json\/wp\/v2\/categories?post=308724"},{"taxonomy":"post_tag","embeddable":true,"href":"https:\/\/www.europesays.com\/fr\/wp-json\/wp\/v2\/tags?post=308724"}],"curies":[{"name":"wp","href":"https:\/\/api.w.org\/{rel}","templated":true}]}}