{"id":308730,"date":"2025-08-10T04:47:19","date_gmt":"2025-08-10T04:47:19","guid":{"rendered":"https:\/\/www.europesays.com\/fr\/308730\/"},"modified":"2025-08-10T04:47:19","modified_gmt":"2025-08-10T04:47:19","slug":"une-femme-tombe-de-80-metres-avec-son-bebe-de-9-mois-dans-les-bras-ils-sont-retrouves-morts-en-dessous-du-viaduc","status":"publish","type":"post","link":"https:\/\/www.europesays.com\/fr\/308730\/","title":{"rendered":"Une femme tombe de 80 m\u00e8tres avec son b\u00e9b\u00e9 de 9 mois dans les bras\u00a0: ils sont retrouv\u00e9s morts en dessous du viaduc"},"content":{"rendered":"<p>\n                                                                Le 8\u00a0ao\u00fbt 2025, une femme est tomb\u00e9e d\u2019un viaduc haut de 80 m\u00e8tres avec son b\u00e9b\u00e9 de 9 mois dans les bras, au niveau de Remouchamps, en Belgique. Ils ont \u00e9t\u00e9 retrouv\u00e9s mort sous la passerelle. Il s\u2019agirait d\u2019un suicide.\n                            <\/p>\n<p>Des t\u00e9moins affirment qu\u2019ils ont vu la trentenaire <a href=\"https:\/\/www.midilibre.fr\/2024\/04\/26\/entre-la-vie-et-la-mort-apres-avoir-saute-de-15-metres-un-toulousain-suicidaire-est-mort-sur-son-lit-dhopital-a-montpellier-11915538.php\" target=\"_blank\" rel=\"nofollow noopener\">s\u2019approcher de la barri\u00e8re <\/a>avant de passer par-dessus. Vendredi,<a href=\"https:\/\/www.midilibre.fr\/2025\/06\/07\/une-jeune-femme-decouverte-pendue-au-ravin-des-arcs-au-nord-de-montpellier-elle-navait-pas-les-mains-liees-la-piste-du-suicide-privilegiee-12747552.php\" target=\"_blank\" rel=\"nofollow noopener\"> une femme \u00e2g\u00e9e de<\/a> 33 ans est tomb\u00e9e du\u00a0viaduc de Remouchamps, son b\u00e9b\u00e9 de 9 mois dans les bras. Ils sont morts tous les deux. Il s\u2019agirait d\u2019un infanticide suivi\u00a0suicide\u00a0indique <a href=\"https:\/\/www.rtl.be\/actu\/regions\/liege\/une-maman-se-jette-du-viaduc-de-remouchamps-avec-son-bebe-dans-les-bras-jai\/2025-08-07\/article\/759205\" target=\"_blank\" rel=\"nofollow noopener\">RTL Belgique<\/a>.<\/p>\n<p>Saut volontaire<\/p>\n<p>La trentenaire a abandonn\u00e9 sa voiture non loin du viaduc qui surplombe l\u2019E25 avant de s\u2019avancer sur la passerelle, son b\u00e9b\u00e9 dans les bras. S\u2019approchant du bord, elle a fini par sauter, volontairement selon des t\u00e9moins.<\/p>\n<p>La jeune femme a \u00e9t\u00e9 retrouv\u00e9e morte 80 m\u00e8tres plus bas, tout comme son enfant. \u00ab\u00a0J\u2019ai entendu l\u2019h\u00e9licopt\u00e8re et l\u2019ambulance qui sont arriv\u00e9s en m\u00eame temps. C\u2019est comme \u00e7a que j\u2019ai su qu\u2019il y avait eu un probl\u00e8me\u00a0\u00bb, raconte un t\u00e9moin. Le compagnon et p\u00e8re des victimes a \u00e9t\u00e9 contact\u00e9 dans la journ\u00e9e.<\/p>\n<p>On ignore ce qui a motiv\u00e9 cet acte, selon toute vraisemblance volontaire. L\u2019hypoth\u00e8se la plus probable est celle de la d\u00e9pression post-partum, qui touche entre 15\u00a0% et 20\u00a0% des femmes l\u2019ann\u00e9e qui suit leur accouchement. Une enqu\u00eate est ouverte.<\/p>\n","protected":false},"excerpt":{"rendered":"Le 8\u00a0ao\u00fbt 2025, une femme est tomb\u00e9e d\u2019un viaduc haut de 80 m\u00e8tres avec son b\u00e9b\u00e9 de 9&hellip;\n","protected":false},"author":2,"featured_media":308731,"comment_status":"","ping_status":"","sticky":false,"template":"","format":"standard","meta":{"footnotes":""},"categories":[5],"tags":[11,1011,27,14,12,28],"class_list":{"0":"post-308730","1":"post","2":"type-post","3":"status-publish","4":"format-standard","5":"has-post-thumbnail","7":"category-international","8":"tag-actualites","9":"tag-fr","10":"tag-france","11":"tag-international","12":"tag-news","13":"tag-world"},"share_on_mastodon":{"url":"https:\/\/pubeurope.com\/@fr\/115002660999782207","error":""},"_links":{"self":[{"href":"https:\/\/www.europesays.com\/fr\/wp-json\/wp\/v2\/posts\/308730","targetHints":{"allow":["GET"]}}],"collection":[{"href":"https:\/\/www.europesays.com\/fr\/wp-json\/wp\/v2\/posts"}],"about":[{"href":"https:\/\/www.europesays.com\/fr\/wp-json\/wp\/v2\/types\/post"}],"author":[{"embeddable":true,"href":"https:\/\/www.europesays.com\/fr\/wp-json\/wp\/v2\/users\/2"}],"replies":[{"embeddable":true,"href":"https:\/\/www.europesays.com\/fr\/wp-json\/wp\/v2\/comments?post=308730"}],"version-history":[{"count":0,"href":"https:\/\/www.europesays.com\/fr\/wp-json\/wp\/v2\/posts\/308730\/revisions"}],"wp:featuredmedia":[{"embeddable":true,"href":"https:\/\/www.europesays.com\/fr\/wp-json\/wp\/v2\/media\/308731"}],"wp:attachment":[{"href":"https:\/\/www.europesays.com\/fr\/wp-json\/wp\/v2\/media?parent=308730"}],"wp:term":[{"taxonomy":"category","embeddable":true,"href":"https:\/\/www.europesays.com\/fr\/wp-json\/wp\/v2\/categories?post=308730"},{"taxonomy":"post_tag","embeddable":true,"href":"https:\/\/www.europesays.com\/fr\/wp-json\/wp\/v2\/tags?post=308730"}],"curies":[{"name":"wp","href":"https:\/\/api.w.org\/{rel}","templated":true}]}}