{"id":308732,"date":"2025-08-10T04:48:12","date_gmt":"2025-08-10T04:48:12","guid":{"rendered":"https:\/\/www.europesays.com\/fr\/308732\/"},"modified":"2025-08-10T04:48:12","modified_gmt":"2025-08-10T04:48:12","slug":"15-migrants-montes-dans-un-camion-frigorifique-secourus","status":"publish","type":"post","link":"https:\/\/www.europesays.com\/fr\/308732\/","title":{"rendered":"15 migrants mont\u00e9s dans un camion frigorifique secourus"},"content":{"rendered":"<p>Quinze <a href=\"https:\/\/www.20minutes.fr\/dossier\/migrants\" class=\"color-ultramarine c-link\" target=\"_blank\" rel=\"noopener\">migrants<\/a> \u00e9rythr\u00e9ens qui \u00e9taient mont\u00e9s dans un camion frigorifique \u00e0 destination du <a href=\"https:\/\/www.20minutes.fr\/monde\/royaume-uni\/\" class=\"color-ultramarine c-link\" target=\"_blank\" rel=\"noopener\">Royaume-Uni<\/a> ont \u00e9t\u00e9 secourus samedi sur une aire de repos de l\u2019autoroute A26, \u00e0 Saint-Hilaire-Cottes (Pas-de-Calais), certains en hypothermie.<\/p>\n<p>Ces migrants, parmi lesquels se trouvait une seule femme, ont \u00e9t\u00e9 secourus apr\u00e8s que le chauffeur marocain du camion, qui transportait des l\u00e9gumes, a signal\u00e9 qu\u2019il entendait des coups \u00e0 l\u2019int\u00e9rieur de sa remorque, a rapport le directeur de cabinet du <a href=\"https:\/\/www.20minutes.fr\/dossier\/prefet\" class=\"color-ultramarine c-link\" target=\"_blank\" rel=\"noopener\">pr\u00e9fet<\/a> du <a href=\"https:\/\/www.20minutes.fr\/dossier\/pas-de-calais\" class=\"color-ultramarine c-link\" target=\"_blank\" rel=\"noopener\">Pas-de-Calais<\/a>, Christian Vedelago. \u00ab\u00a0Leur \u00e9tat d\u2019hypothermie laisse supposer qu\u2019ils y \u00e9taient depuis plusieurs heures\u00a0\u00bb, a-t-il ajout\u00e9.<\/p>\n<p>Plusieurs migrants sous le coup d\u2019une OQTF<\/p>\n<p>Quatre d\u2019entre eux ont \u00e9t\u00e9 hospitalis\u00e9s pour hypothermie, tandis que quatre autres, \u00ab\u00a0qui se sont d\u00e9clar\u00e9s mineurs\u00a0\u00bb, ont \u00e9t\u00e9 pris en charge par l\u2019association France terre d\u2019asile. Ceux qui n\u2019avaient pas quitt\u00e9 les lieux tr\u00e8s rapidement ont \u00e9t\u00e9 plac\u00e9s en retenue et \u00e9taient en cours d\u2019audition samedi en fin d\u2019apr\u00e8s-midi, selon Christian Vedelago.<\/p>\n<p>Plusieurs d\u2019entre eux sont sous le coup d\u2019une obligation de quitter le territoire fran\u00e7ais (OQTF), a-t-il pr\u00e9cis\u00e9. Le chauffeur du camion \u00ab\u00a0n\u2019est pas inqui\u00e9t\u00e9\u00a0\u00bb, selon la m\u00eame source. Malgr\u00e9 l\u2019ampleur des dispositifs de s\u00e9curit\u00e9 autour du port de Calais et du tunnel sous la <a href=\"https:\/\/www.20minutes.fr\/dossier\/manche\" class=\"color-ultramarine c-link\" target=\"_blank\" rel=\"noopener\">Manche<\/a>, des migrants tentent toujours de monter dans des camions qui se dirigent vers l\u2019<a href=\"https:\/\/www.20minutes.fr\/dossier\/angleterre\" class=\"color-ultramarine c-link\" target=\"_blank\" rel=\"noopener\">Angleterre<\/a>.<\/p>\n<p>Ces derni\u00e8res ann\u00e9es, la plupart des candidats \u00e0 l\u2019exil se sont toutefois rabattus vers des travers\u00e9es maritimes clandestines \u00e0 bord d\u2019embarcations de fortune, une solution g\u00e9n\u00e9ralement beaucoup plus co\u00fbteuse que les camions, et \u00e9galement tr\u00e8s dangereuse.<\/p>\n","protected":false},"excerpt":{"rendered":"Quinze migrants \u00e9rythr\u00e9ens qui \u00e9taient mont\u00e9s dans un camion frigorifique \u00e0 destination du Royaume-Uni ont \u00e9t\u00e9 secourus samedi&hellip;\n","protected":false},"author":2,"featured_media":308733,"comment_status":"","ping_status":"","sticky":false,"template":"","format":"standard","meta":{"footnotes":""},"categories":[4],"tags":[11,4708,3348,1011,27,811,14653,1251,12,1309,5161,23862,25,104],"class_list":{"0":"post-308732","1":"post","2":"type-post","3":"status-publish","4":"format-standard","5":"has-post-thumbnail","7":"category-france","8":"tag-actualites","9":"tag-angleterre","10":"tag-drame","11":"tag-fr","12":"tag-france","13":"tag-hauts-de-france","14":"tag-manche","15":"tag-migrants","16":"tag-news","17":"tag-nord-pas-de-calais","18":"tag-normandie","19":"tag-pas-de-calais","20":"tag-republique-francaise","21":"tag-societe"},"share_on_mastodon":{"url":"https:\/\/pubeurope.com\/@fr\/115002664800492813","error":""},"_links":{"self":[{"href":"https:\/\/www.europesays.com\/fr\/wp-json\/wp\/v2\/posts\/308732","targetHints":{"allow":["GET"]}}],"collection":[{"href":"https:\/\/www.europesays.com\/fr\/wp-json\/wp\/v2\/posts"}],"about":[{"href":"https:\/\/www.europesays.com\/fr\/wp-json\/wp\/v2\/types\/post"}],"author":[{"embeddable":true,"href":"https:\/\/www.europesays.com\/fr\/wp-json\/wp\/v2\/users\/2"}],"replies":[{"embeddable":true,"href":"https:\/\/www.europesays.com\/fr\/wp-json\/wp\/v2\/comments?post=308732"}],"version-history":[{"count":0,"href":"https:\/\/www.europesays.com\/fr\/wp-json\/wp\/v2\/posts\/308732\/revisions"}],"wp:featuredmedia":[{"embeddable":true,"href":"https:\/\/www.europesays.com\/fr\/wp-json\/wp\/v2\/media\/308733"}],"wp:attachment":[{"href":"https:\/\/www.europesays.com\/fr\/wp-json\/wp\/v2\/media?parent=308732"}],"wp:term":[{"taxonomy":"category","embeddable":true,"href":"https:\/\/www.europesays.com\/fr\/wp-json\/wp\/v2\/categories?post=308732"},{"taxonomy":"post_tag","embeddable":true,"href":"https:\/\/www.europesays.com\/fr\/wp-json\/wp\/v2\/tags?post=308732"}],"curies":[{"name":"wp","href":"https:\/\/api.w.org\/{rel}","templated":true}]}}