{"id":308734,"date":"2025-08-10T04:49:17","date_gmt":"2025-08-10T04:49:17","guid":{"rendered":"https:\/\/www.europesays.com\/fr\/308734\/"},"modified":"2025-08-10T04:49:17","modified_gmt":"2025-08-10T04:49:17","slug":"les-infos-de-18h-feminicide-a-saint-malo-ce-que-lon-sait-des-circonstances-du-drame-rtl-fr","status":"publish","type":"post","link":"https:\/\/www.europesays.com\/fr\/308734\/","title":{"rendered":"Les infos de 18h \u2013 F\u00e9minicide \u00e0 Saint Malo : ce que l\u2019on sait des circonstances du drame &#8211; RTL.fr"},"content":{"rendered":"<ol>\n<li><a href=\"https:\/\/news.google.com\/rss\/articles\/CBMi1wFBVV95cUxONTdaT2NSUFlKRWtSZEh0YkxLZ1BsRWVhcHZtLWpXZ2xNQXdKd042VU5aWEhzTXFSbGo2Q1k2ZmprSklfZlh0akZKOG93QnU3akw3SEhTU0YtNGVQX092YUpxZDdkT2ZxSWZnc0Y0RGlNd0hTdlpYcTJqQjRXOVN6aWxqenNvQ3YzSG94WVI0cC1KZXdlbDJuT2lPWTlfSGcxWEtacXRpWDVXeGdiQmxkSGVzLXJSaFlieEpGMUVZdno3UVVaR3BOQTlHOHFPV2hidVc0ZnlHSQ?oc=5\" target=\"_blank\" rel=\"noopener\">Les infos de 18h \u2013 F\u00e9minicide \u00e0 Saint Malo : ce que l\u2019on sait des circonstances du drame<\/a>&nbsp;&nbsp;RTL.fr<\/li>\n<li><a href=\"https:\/\/news.google.com\/rss\/articles\/CBMi-gFBVV95cUxOOGctV1VzTjZRRWJKN0dGNFJmVkZMS2syMHNsYzNKVEkwV1ZvR0JJeUNiQ3NodlZHQjE3WXJWSmZXX3ZMYW5KemFwb0NMRVlSNGRvZTFTRjkwMGZBV1N1ZjBiV2RQRWJlRFRMOGRTcDc1NWc5Njl6MVF1a3ZmNk8tZnYwOVVEalJxT29JeWpROXJvLWZnT2Jna1VQLTc4N2MyZ0hXU1RBOHh6S240WUZNaHg4cERPYmE0OVpNTWJPQ3pvUGEwUE9KejFpU21RdGJFTzlTTk5RcDl3ZGk2aXdBakdEVmpnN25EWnB1Q194WHRDMXNtblBKSHZ3?oc=5\" target=\"_blank\" rel=\"noopener\">Arme blanche, gendarme en garde \u00e0 vue&#8230; Ce que l&rsquo;on sait du f\u00e9minicide survenu en pleine rue en Ille-et-Vilaine<\/a>&nbsp;&nbsp;BFMTV<\/li>\n<li><a href=\"https:\/\/news.google.com\/rss\/articles\/CBMisAFBVV95cUxNbk1Ya1F3c05pRjlrMDVVQXRmellndEswSlVfbktpQnM4ZDZJb210RVdXUkJySi1EUkc5VVk0QW40dGpUcDBtdDZFNDZoRGc5U0x5VDRpVE9QN1RyaWhNM1lEVmJaMDgyeDNmdEowTTFSRHFaemFCVHVKZzlkcFQzUlVqaHRuYWxGOWU1dUtCV05XM3NxM1d4M2pnaks1MXVqQ3h4eTluWnVObzU0X2pJMg?oc=5\" target=\"_blank\" rel=\"noopener\">Bretagne : il tue son ex-compagne avant d&rsquo;\u00eatre abattu par un gendarme<\/a>&nbsp;&nbsp;Le Figaro<\/li>\n<li><a href=\"https:\/\/news.google.com\/rss\/articles\/CBMigwJBVV95cUxQUjJCd3F6bkwyUlQ1UVBLenQwbGFKUWo3WVJ1bS1HMGpMOVNRWlhpOGpVMkJ3NTRxY01CaXp4MUdvNmtNdEFkY0hDenA5NmM0T21BbHAzQVIzRHlTV1czQmpIakFzd2x4ZnlGdVdoSk9yY1hhc0kxeGxVckRWQXJUZG5WNUFmY3BWaFNCVGFYMFVQZVFVVl9RelNyejRGZkRCZV9ZUTlXNzdDczdPa2Z4ZC1kWTlfSDVuVVEtbkNEMC1EOGl5VzgzUFdMOVBnRDJNSW0zLVVoelpPclpVV0tXNHdSLUhJNGJlTXZEdlh6Y3hEYUNmX05ZYUJhYUIyV1ltdW5B?oc=5\" target=\"_blank\" rel=\"noopener\">Femme tu\u00e9e par son ex-conjoint pr\u00e8s de Saint-Malo : \u00ab C\u2019\u00e9tait tr\u00e8s tendu dans le couple \u00bb<\/a>&nbsp;&nbsp;Ouest-France<\/li>\n<li><a href=\"https:\/\/news.google.com\/rss\/articles\/CBMi5wFBVV95cUxQUTNocUZuN3h2Q1g0RjJUZ2k1ekF4U3dyWllsZXlkSGh6RFFmdlRQT0lYRG5JX2JmaFNYSnRqZGFpR3pDOHRNYV84N2JJRnFROE5ydHY3TTE1R1lCMG4yZThtUVh3dFlQZmZZSHhQZXY1MTRCeThudFhYV2tYdWVvQ3ZwLUhNaWVZekVpWTFsNUFtUU5mT0ZXX01qRENodk9VamdDbnhYekI3ZWhCSWVnM0s4WGpQSkRFTi1TdXl0Tm9ZanJTSm9fclB5OEVDWVBJanJFc3M1Y0pXMldHbWRnSFRhVUVmWFU?oc=5\" target=\"_blank\" rel=\"noopener\">\u00ab\u00a0C&rsquo;est choquant\u00a0\u00bb : les habitants de ce village breton boulevers\u00e9s apr\u00e8s un f\u00e9minicide en pleine rue<\/a>&nbsp;&nbsp;TF1 Info<\/li>\n<\/ol>\n","protected":false},"excerpt":{"rendered":"Les infos de 18h \u2013 F\u00e9minicide \u00e0 Saint Malo : ce que l\u2019on sait des circonstances du drame&nbsp;&nbsp;RTL.fr&hellip;\n","protected":false},"author":2,"featured_media":308735,"comment_status":"","ping_status":"","sticky":false,"template":"","format":"standard","meta":{"footnotes":""},"categories":[2],"tags":[11,2171,3555,107,1011,27,303,12,362,361,360],"class_list":{"0":"post-308734","1":"post","2":"type-post","3":"status-publish","4":"format-standard","5":"has-post-thumbnail","7":"category-actualites","8":"tag-actualites","9":"tag-cotes-darmor","10":"tag-feminicide","11":"tag-fil-info","12":"tag-fr","13":"tag-france","14":"tag-justice","15":"tag-news","16":"tag-replay","17":"tag-replay-a-la-une","18":"tag-replay-integral"},"share_on_mastodon":{"url":"https:\/\/pubeurope.com\/@fr\/115002668738686824","error":""},"_links":{"self":[{"href":"https:\/\/www.europesays.com\/fr\/wp-json\/wp\/v2\/posts\/308734","targetHints":{"allow":["GET"]}}],"collection":[{"href":"https:\/\/www.europesays.com\/fr\/wp-json\/wp\/v2\/posts"}],"about":[{"href":"https:\/\/www.europesays.com\/fr\/wp-json\/wp\/v2\/types\/post"}],"author":[{"embeddable":true,"href":"https:\/\/www.europesays.com\/fr\/wp-json\/wp\/v2\/users\/2"}],"replies":[{"embeddable":true,"href":"https:\/\/www.europesays.com\/fr\/wp-json\/wp\/v2\/comments?post=308734"}],"version-history":[{"count":0,"href":"https:\/\/www.europesays.com\/fr\/wp-json\/wp\/v2\/posts\/308734\/revisions"}],"wp:featuredmedia":[{"embeddable":true,"href":"https:\/\/www.europesays.com\/fr\/wp-json\/wp\/v2\/media\/308735"}],"wp:attachment":[{"href":"https:\/\/www.europesays.com\/fr\/wp-json\/wp\/v2\/media?parent=308734"}],"wp:term":[{"taxonomy":"category","embeddable":true,"href":"https:\/\/www.europesays.com\/fr\/wp-json\/wp\/v2\/categories?post=308734"},{"taxonomy":"post_tag","embeddable":true,"href":"https:\/\/www.europesays.com\/fr\/wp-json\/wp\/v2\/tags?post=308734"}],"curies":[{"name":"wp","href":"https:\/\/api.w.org\/{rel}","templated":true}]}}