{"id":308736,"date":"2025-08-10T04:50:11","date_gmt":"2025-08-10T04:50:11","guid":{"rendered":"https:\/\/www.europesays.com\/fr\/308736\/"},"modified":"2025-08-10T04:50:11","modified_gmt":"2025-08-10T04:50:11","slug":"firminy-la-police-municipale-soccupe-des-divagations-danimaux-de-compagnie","status":"publish","type":"post","link":"https:\/\/www.europesays.com\/fr\/308736\/","title":{"rendered":"Firminy. La police municipale s\u2019occupe des divagations d\u2019animaux de compagnie"},"content":{"rendered":"<p>Au sein des bureaux de la police municipale de Firminy, se trouve une pi\u00e8ce d\u00e9di\u00e9e aux objets perdus. Et surprise, \u00e0 l\u2019int\u00e9rieur, on retrouve un panier de transport pour chats ainsi que de la nourriture pour f\u00e9lins et canid\u00e9s.<\/p>\n<p>Le chef de la police municipale, Abderrahim Hmimou, explique\u00a0: \u00ab\u00a0Le Code rural et de la p\u00eache maritime (CRPM) oblige les municipalit\u00e9s \u00e0 g\u00e9rer les chiens et les chats en divagation. On a un chenil pour les accueillir quand on en capture. S\u2019il est impossible d\u2019identifier les propri\u00e9taires, on les garde un ou deux jours&#8230;.<\/p>\n","protected":false},"excerpt":{"rendered":"Au sein des bureaux de la police municipale de Firminy, se trouve une pi\u00e8ce d\u00e9di\u00e9e aux objets perdus.&hellip;\n","protected":false},"author":2,"featured_media":308737,"comment_status":"","ping_status":"","sticky":false,"template":"","format":"standard","meta":{"footnotes":""},"categories":[9653],"tags":[1111,11,1867,2430,7539,1777,674,274,10282,10283,1011,27,3367,12,25,4001,104],"class_list":{"0":"post-308736","1":"post","2":"type-post","3":"status-publish","4":"format-standard","5":"has-post-thumbnail","7":"category-saint-etienne","8":"tag-actu","9":"tag-actualites","10":"tag-animaux","11":"tag-auvergne-rhone-alpes","12":"tag-edition-loire-sud","13":"tag-eu","14":"tag-europe","15":"tag-faits-divers-justice","16":"tag-firminy","17":"tag-firminy-ville","18":"tag-fr","19":"tag-france","20":"tag-loire","21":"tag-news","22":"tag-republique-francaise","23":"tag-saint-etienne","24":"tag-societe"},"share_on_mastodon":{"url":"https:\/\/pubeurope.com\/@fr\/115002672640944068","error":""},"_links":{"self":[{"href":"https:\/\/www.europesays.com\/fr\/wp-json\/wp\/v2\/posts\/308736","targetHints":{"allow":["GET"]}}],"collection":[{"href":"https:\/\/www.europesays.com\/fr\/wp-json\/wp\/v2\/posts"}],"about":[{"href":"https:\/\/www.europesays.com\/fr\/wp-json\/wp\/v2\/types\/post"}],"author":[{"embeddable":true,"href":"https:\/\/www.europesays.com\/fr\/wp-json\/wp\/v2\/users\/2"}],"replies":[{"embeddable":true,"href":"https:\/\/www.europesays.com\/fr\/wp-json\/wp\/v2\/comments?post=308736"}],"version-history":[{"count":0,"href":"https:\/\/www.europesays.com\/fr\/wp-json\/wp\/v2\/posts\/308736\/revisions"}],"wp:featuredmedia":[{"embeddable":true,"href":"https:\/\/www.europesays.com\/fr\/wp-json\/wp\/v2\/media\/308737"}],"wp:attachment":[{"href":"https:\/\/www.europesays.com\/fr\/wp-json\/wp\/v2\/media?parent=308736"}],"wp:term":[{"taxonomy":"category","embeddable":true,"href":"https:\/\/www.europesays.com\/fr\/wp-json\/wp\/v2\/categories?post=308736"},{"taxonomy":"post_tag","embeddable":true,"href":"https:\/\/www.europesays.com\/fr\/wp-json\/wp\/v2\/tags?post=308736"}],"curies":[{"name":"wp","href":"https:\/\/api.w.org\/{rel}","templated":true}]}}