{"id":308738,"date":"2025-08-10T04:51:12","date_gmt":"2025-08-10T04:51:12","guid":{"rendered":"https:\/\/www.europesays.com\/fr\/308738\/"},"modified":"2025-08-10T04:51:12","modified_gmt":"2025-08-10T04:51:12","slug":"loire-le-chien-rafale-errait-dans-les-rues-de-saint-etienne-les-sapeurs-pompiers-lont-adopte","status":"publish","type":"post","link":"https:\/\/www.europesays.com\/fr\/308738\/","title":{"rendered":"Loire. Le chien Rafale errait dans les rues de Saint-\u00c9tienne, les sapeurs-pompiers l&rsquo;ont adopt\u00e9"},"content":{"rendered":"<p>Oreilles dress\u00e9es, langue pendue, respiration fr\u00e9n\u00e9tique et les yeux qui bougent sans cesse pour ne pas perdre de vue son ma\u00eetre. Entre le chien Rafale et l\u2019adjudant-chef du Service d\u00e9partemental d\u2019incendie et de secours de la Loire (Sdis 42), Christophe Grail, c\u2019est l\u2019histoire d\u2019un coup de c\u0153ur.<\/p>\n<p>Celui qui fait partie des six ma\u00eetres-chiens des sapeurs-pompiers de la Loire la raconte avec beaucoup d\u2019\u00e9motion et une pointe de fiert\u00e9. Passionn\u00e9 depuis toujours par les animaux, cet Altilig\u00e9rien de naissance est sollicit\u00e9, au d\u00e9but de l\u2019ann\u00e9e, par la SPA de Saint-\u00c9tienne dans le cadre de l\u2019association Intras\u00e8que dogs pour un petit chien d\u2019environ 1 an recueilli au sein du refuge.<\/p>\n<p>\u00ab\u00a0Il \u00e9tait destin\u00e9 \u00e0 \u00eatre euthanasi\u00e9\u00a0\u00bb<\/p>\n<p>La suite, c\u2019est lui qui la raconte\u00a0: \u00ab Il&#8230;<\/p>\n","protected":false},"excerpt":{"rendered":"Oreilles dress\u00e9es, langue pendue, respiration fr\u00e9n\u00e9tique et les yeux qui bougent sans cesse pour ne pas perdre de&hellip;\n","protected":false},"author":2,"featured_media":308739,"comment_status":"","ping_status":"","sticky":false,"template":"","format":"standard","meta":{"footnotes":""},"categories":[9653],"tags":[1111,11,1867,2430,3206,7539,1777,674,274,107,1011,27,1757,3367,12,25,4001,7538,4604,104],"class_list":{"0":"post-308738","1":"post","2":"type-post","3":"status-publish","4":"format-standard","5":"has-post-thumbnail","7":"category-saint-etienne","8":"tag-actu","9":"tag-actualites","10":"tag-animaux","11":"tag-auvergne-rhone-alpes","12":"tag-defense-guerre-conflit","13":"tag-edition-loire-sud","14":"tag-eu","15":"tag-europe","16":"tag-faits-divers-justice","17":"tag-fil-info","18":"tag-fr","19":"tag-france","20":"tag-insolite","21":"tag-loire","22":"tag-news","23":"tag-republique-francaise","24":"tag-saint-etienne","25":"tag-saint-etienne-ville","26":"tag-selection-abonne","27":"tag-societe"},"share_on_mastodon":{"url":"https:\/\/pubeurope.com\/@fr\/115002676599190965","error":""},"_links":{"self":[{"href":"https:\/\/www.europesays.com\/fr\/wp-json\/wp\/v2\/posts\/308738","targetHints":{"allow":["GET"]}}],"collection":[{"href":"https:\/\/www.europesays.com\/fr\/wp-json\/wp\/v2\/posts"}],"about":[{"href":"https:\/\/www.europesays.com\/fr\/wp-json\/wp\/v2\/types\/post"}],"author":[{"embeddable":true,"href":"https:\/\/www.europesays.com\/fr\/wp-json\/wp\/v2\/users\/2"}],"replies":[{"embeddable":true,"href":"https:\/\/www.europesays.com\/fr\/wp-json\/wp\/v2\/comments?post=308738"}],"version-history":[{"count":0,"href":"https:\/\/www.europesays.com\/fr\/wp-json\/wp\/v2\/posts\/308738\/revisions"}],"wp:featuredmedia":[{"embeddable":true,"href":"https:\/\/www.europesays.com\/fr\/wp-json\/wp\/v2\/media\/308739"}],"wp:attachment":[{"href":"https:\/\/www.europesays.com\/fr\/wp-json\/wp\/v2\/media?parent=308738"}],"wp:term":[{"taxonomy":"category","embeddable":true,"href":"https:\/\/www.europesays.com\/fr\/wp-json\/wp\/v2\/categories?post=308738"},{"taxonomy":"post_tag","embeddable":true,"href":"https:\/\/www.europesays.com\/fr\/wp-json\/wp\/v2\/tags?post=308738"}],"curies":[{"name":"wp","href":"https:\/\/api.w.org\/{rel}","templated":true}]}}