{"id":308746,"date":"2025-08-10T05:02:59","date_gmt":"2025-08-10T05:02:59","guid":{"rendered":"https:\/\/www.europesays.com\/fr\/308746\/"},"modified":"2025-08-10T05:02:59","modified_gmt":"2025-08-10T05:02:59","slug":"la-vague-de-chaleur-se-renforce-sur-le-sud-de-la-france-lexpress","status":"publish","type":"post","link":"https:\/\/www.europesays.com\/fr\/308746\/","title":{"rendered":"La vague de chaleur se renforce sur le sud de la France \u2013 L&rsquo;Express"},"content":{"rendered":"<p class=\"paragraph article-body-paragraph article__item   article-body-paragraph--first \">Une vaste partie sud du pays va subir ce weekend des temp\u00e9ratures comprises entre 34\u00b0C et 40\u00b0C, et qui pourront atteindre les 41\u00b0C du pied des C\u00e9vennes \u00e0 la basse vall\u00e9e du Rh\u00f4ne, selon M\u00e9t\u00e9o-France.<\/p>\n<p class=\"paragraph article-body-paragraph article__item   \">Pour la journ\u00e9e de samedi, 28 d\u00e9partements du Sud se trouvent d\u00e9j\u00e0 en vigilance orange canicule, souligne M\u00e9t\u00e9o-France qui signale quelques temp\u00e9ratures remarquables relev\u00e9es \u00e0 15H00: 38,0\u00b0C \u00e0 Lyon-St-Exup\u00e9ry, 36,8\u00b0C \u00e0 Mont\u00e9limar (Dr\u00f4me) ou encore 35,8\u00b0C \u00e0 Bordeaux-M\u00e9rignac.<\/p>\n<p class=\"paragraph article-body-paragraph article__item   \">Dimanche, la chaleur va encore monter d\u2019un cran dans le Sud et l&rsquo;alerte sera \u00e9tendue \u00e0 la quasi-totalit\u00e9 de la moiti\u00e9 sud du pays, avec d\u00e9sormais 42 d\u00e9partements hors Corse en vigilance orange canicule, par ailleurs susceptible d&rsquo;\u00eatre encore \u00e9tendue.<\/p>\n<p class=\"paragraph article-body-paragraph article__item   \">Quant \u00e0 la journ\u00e9e de lundi, elle se caract\u00e9risera par une remont\u00e9e d\u2019une masse d\u2019air extr\u00eamement chaud sur une large partie du pays, y compris au nord de la Loire, et sera sans doute la plus chaude \u00e0 l&rsquo;\u00e9chelle nationale, a indiqu\u00e9 le pr\u00e9visionniste.<\/p>\n<p class=\"paragraph article-body-paragraph article__item   \">Le pic est attendu entre lundi et mardi. (La vague de chaleur) devrait durer jusqu&rsquo;en fin de semaine prochaine, commente-t-il.<\/p>\n<p> Prot\u00e9gez-vous <\/p>\n<p class=\"paragraph article-body-paragraph article__item   \">Dans ces circonstances, prot\u00e9gez-vous, insiste M\u00e9t\u00e9o-France, appelant chacun \u00e0 rester au frais, privil\u00e9gier les activit\u00e9s douces et sans effort ou encore prendre des nouvelles de (ses) proches et des plus fragiles.<\/p>\n<p class=\"paragraph article-body-paragraph article__item   \">On adapte notre rythme de vie, oui. On sort plus t\u00f4t, histoire de marcher un petit peu, et puis apr\u00e8s on se renferme chez soi, observe Eric Khellas, artiste-peintre rencontr\u00e9 par l&rsquo;AFP sur les hauteurs de Lyon samedi.<\/p>\n<p class=\"paragraph article-body-paragraph article__item   \">Pour se rafra\u00eechir, les estivants sont aussi tr\u00e8s nombreux au bord de l&rsquo;eau ou en montagne, tandis que d&rsquo;autres cherchent des alternatives, y compris sous terre. <\/p>\n<p><img decoding=\"async\" src=\"https:\/\/www.europesays.com\/fr\/wp-content\/uploads\/2025\/08\/LEBMDM5QCZBR7N7AOUZGS5MQNI.jpg\" class=\"image-with-legend__cover-img\" alt=\"La France enti\u00e8re a \u00e9t\u00e9 plac\u00e9e en vigilance orange canicule pour la journ\u00e9e de dimanche\" width=\"883\" height=\"0\" loading=\"lazy\"\/><\/p>\n<p class=\"image-with-legend__legend\">La France enti\u00e8re a \u00e9t\u00e9 plac\u00e9e en vigilance orange canicule pour la journ\u00e9e de dimanche<\/p>\n<p class=\"image-with-legend__credits\"> \u00a9  \/ afp.com\/Pascal GUYOT<\/p>\n<p class=\"paragraph article-body-paragraph article__item   \">En Dordogne, o\u00f9 l\u2019on attend des pics \u00e0 38\u00b0C samedi apr\u00e8s-midi, la grotte de Villars, orn\u00e9e de peintures pr\u00e9historiques vieilles de 20.000 ans, devrait ainsi faire le plein de visiteurs tout le weekend.<\/p>\n<p class=\"paragraph article-body-paragraph article__item   \">On a syst\u00e9matiquement des pics de visites quand il pleut, pour se mettre \u00e0 l\u2019abri, et quand il fait trop chaud, pour se rafra\u00eechir. Habituellement c\u2019est plus calme les samedis en ao\u00fbt, mais l\u00e0 on part sur une grosse journ\u00e9e, raconte l\u2019un de ses g\u00e9rants, Benoit Birckel, \u00e0 l\u2019accueil du site situ\u00e9 \u00e0 40 km au nord de P\u00e9rigueux et dont les galeries affichent une temp\u00e9rature stable autour de 13\u00b0C, quelle que soit la saison.<\/p>\n<p class=\"paragraph article-body-paragraph article__item   \">Mais pour Oph\u00e9lie et Aurore, deux jeunes femmes dans la vingtaine qui n&rsquo;ont pas souhait\u00e9 donner leurs noms et travaillent dans un magasin d&rsquo;alimentation du centre de Grenoble, la journ\u00e9e s&rsquo;annonce p\u00e9nible car il fait souvent plus chaud dans le magasin que dehors. Et pas de r\u00e9pit lorsqu&rsquo;elles rentreront chez elles, leurs appartements \u00e9tant mal isol\u00e9s. <\/p>\n<p> 1.240 km de bouchons <\/p>\n<p class=\"paragraph article-body-paragraph article__item   \">Apr\u00e8s une premi\u00e8re vague de chaleur du 19 juin au 4 juillet, cet \u00e9pisode constitue la 51e vague de chaleur enregistr\u00e9e en France depuis 1947. <\/p>\n<p><img decoding=\"async\" src=\"https:\/\/www.europesays.com\/fr\/wp-content\/uploads\/2025\/08\/WMIRD5YPPBEDDLH6L42KRCVSWY.jpg\" class=\"image-with-legend__cover-img\" alt=\"&quot;On note une acc\u00e9l\u00e9ration de la survenue des vagues de chaleur au fil du temps&quot;\" width=\"883\" height=\"0\" loading=\"lazy\"\/><\/p>\n<p class=\"image-with-legend__legend\">\u00ab\u00a0On note une acc\u00e9l\u00e9ration de la survenue des vagues de chaleur au fil du temps\u00a0\u00bb<\/p>\n<p class=\"image-with-legend__credits\"> \u00a9  \/ afp.com\/Damien MEYER<\/p>\n<p class=\"paragraph article-body-paragraph article__item   \">On note une acc\u00e9l\u00e9ration de la survenue des vagues de chaleur au fil du temps. Cette tendance est bien li\u00e9e au changement climatique, qui a un impact fort sur les temp\u00e9ratures en France hexagonale, a d\u00e9clar\u00e9 \u00e0 l&rsquo;AFP Lauriane Batt\u00e9, climatologue \u00e0 M\u00e9t\u00e9o-France. <\/p>\n<p class=\"paragraph article-body-paragraph article__item   \">L&rsquo;\u00e9pisode s&rsquo;accompagne d&rsquo;un danger \u00e9lev\u00e9 de feux de for\u00eat sur le pourtour m\u00e9diterran\u00e9en, alors que l&rsquo;incendie qui a parcouru 16.000 hectares dans le massif des Corbi\u00e8res mobilise toujours 1.400 pompiers samedi ne pourra pas \u00eatre sous contr\u00f4le avant dimanche en fin de journ\u00e9e, selon les pompiers.<\/p>\n<p class=\"paragraph article-body-paragraph article__item   \">Il co\u00efncide en outre avec un weekend de chass\u00e9-crois\u00e9 entre vacanciers automobilistes. Un pic de 1.240 km de bouchons a \u00e9t\u00e9 atteint peu avant midi, soit au-del\u00e0 des niveaux d\u00e9j\u00e0 consid\u00e9r\u00e9s comme exceptionnels par Bison Fut\u00e9. <\/p>\n<p class=\"paragraph article-body-paragraph article__item    article__text__endpicto\">La SNCF a de son c\u00f4t\u00e9 indiqu\u00e9 avoir supprim\u00e9 plusieurs allers-retours sur les lignes Bordeaux-Marseille et Paris-Clermont afin d&rsquo;anticiper des pannes potentielles de climatisation li\u00e9es aux tr\u00e8s hautes temp\u00e9ratures\u00a0\u00bb dans ses trains les plus anciens. <\/p>\n","protected":false},"excerpt":{"rendered":"Une vaste partie sud du pays va subir ce weekend des temp\u00e9ratures comprises entre 34\u00b0C et 40\u00b0C, et&hellip;\n","protected":false},"author":2,"featured_media":308747,"comment_status":"","ping_status":"","sticky":false,"template":"","format":"standard","meta":{"footnotes":""},"categories":[9566],"tags":[1111,11,10944,2430,1777,674,1011,27,2731,12,25],"class_list":{"0":"post-308746","1":"post","2":"type-post","3":"status-publish","4":"format-standard","5":"has-post-thumbnail","7":"category-grenoble","8":"tag-actu","9":"tag-actualites","10":"tag-archives","11":"tag-auvergne-rhone-alpes","12":"tag-eu","13":"tag-europe","14":"tag-fr","15":"tag-france","16":"tag-grenoble","17":"tag-news","18":"tag-republique-francaise"},"share_on_mastodon":{"url":"https:\/\/pubeurope.com\/@fr\/115002723789029969","error":""},"_links":{"self":[{"href":"https:\/\/www.europesays.com\/fr\/wp-json\/wp\/v2\/posts\/308746","targetHints":{"allow":["GET"]}}],"collection":[{"href":"https:\/\/www.europesays.com\/fr\/wp-json\/wp\/v2\/posts"}],"about":[{"href":"https:\/\/www.europesays.com\/fr\/wp-json\/wp\/v2\/types\/post"}],"author":[{"embeddable":true,"href":"https:\/\/www.europesays.com\/fr\/wp-json\/wp\/v2\/users\/2"}],"replies":[{"embeddable":true,"href":"https:\/\/www.europesays.com\/fr\/wp-json\/wp\/v2\/comments?post=308746"}],"version-history":[{"count":0,"href":"https:\/\/www.europesays.com\/fr\/wp-json\/wp\/v2\/posts\/308746\/revisions"}],"wp:featuredmedia":[{"embeddable":true,"href":"https:\/\/www.europesays.com\/fr\/wp-json\/wp\/v2\/media\/308747"}],"wp:attachment":[{"href":"https:\/\/www.europesays.com\/fr\/wp-json\/wp\/v2\/media?parent=308746"}],"wp:term":[{"taxonomy":"category","embeddable":true,"href":"https:\/\/www.europesays.com\/fr\/wp-json\/wp\/v2\/categories?post=308746"},{"taxonomy":"post_tag","embeddable":true,"href":"https:\/\/www.europesays.com\/fr\/wp-json\/wp\/v2\/tags?post=308746"}],"curies":[{"name":"wp","href":"https:\/\/api.w.org\/{rel}","templated":true}]}}