{"id":308750,"date":"2025-08-10T05:07:42","date_gmt":"2025-08-10T05:07:42","guid":{"rendered":"https:\/\/www.europesays.com\/fr\/308750\/"},"modified":"2025-08-10T05:07:42","modified_gmt":"2025-08-10T05:07:42","slug":"deux-matches-au-programme-ce-samedi-alsasports","status":"publish","type":"post","link":"https:\/\/www.europesays.com\/fr\/308750\/","title":{"rendered":"Deux matches au programme ce samedi \u2014 Alsa&rsquo;Sports"},"content":{"rendered":"<p><strong>Le samedi du Racing Club de Strasbourg va ressembler \u00e0 son mercredi trois jours plus t\u00f4t, avec deux oppositions pr\u00e9vues \u00e0 Mayence dont une \u00e0 huis clos. <\/strong><\/p>\n<p>Pour rebondir apr\u00e8s le match annul\u00e9 contre Heidenheim en Autriche la semaine derni\u00e8re et affiner davantage sa pr\u00e9paration, le Racing avait ajout\u00e9 \u00e0 son programme des oppositions \u00e0 huis clos les matins des rencontres d\u00e9j\u00e0 pr\u00e9vues. Mercredi, la premi\u00e8re opposition \u00e0 Stuttgart \u00e0 huis clos total (sans public ni presse) a vu une premi\u00e8re \u00e9quipe de Strasbourg lourdement s\u2019incliner (7-1), avant que l\u2019autre \u00e9quipe, de niveau \u00e9quivalent, ne l\u2019emporte de justesse face au Sturm Graz (2-3). <\/p>\n<p>Les hommes de Liam Rosenior ne devraient cette fois pas \u00eatre r\u00e9partis en deux groupes de m\u00eame niveau. \u00c0 Mayence ce samedi, une premi\u00e8re opposition \u00e0 huis clos (presse pr\u00e9sente) contre le club local se d\u00e9roulera \u00e0 11h sur leur terrain d\u2019entra\u00eenement. Avant le match amical principal \u00e0 15h30 \u00e0 la MEWA Arena de Mayence ouvert au public et diffus\u00e9 sur la cha\u00eene Youtube du Racing, o\u00f9 l\u2019entra\u00eeneur devrait aligner une \u00e9quipe de titulaires fait-on savoir au sein du club alsacien. <\/p>\n","protected":false},"excerpt":{"rendered":"Le samedi du Racing Club de Strasbourg va ressembler \u00e0 son mercredi trois jours plus t\u00f4t, avec deux&hellip;\n","protected":false},"author":2,"featured_media":285698,"comment_status":"","ping_status":"","sticky":false,"template":"","format":"standard","meta":{"footnotes":""},"categories":[2820],"tags":[1111,11,1777,674,63,1011,27,775,12,4448,25,640],"class_list":{"0":"post-308750","1":"post","2":"type-post","3":"status-publish","4":"format-standard","5":"has-post-thumbnail","7":"category-strasbourg","8":"tag-actu","9":"tag-actualites","10":"tag-eu","11":"tag-europe","12":"tag-football","13":"tag-fr","14":"tag-france","15":"tag-grand-est","16":"tag-news","17":"tag-rc-strasbourg","18":"tag-republique-francaise","19":"tag-strasbourg"},"share_on_mastodon":{"url":"https:\/\/pubeurope.com\/@fr\/115002739430252327","error":""},"_links":{"self":[{"href":"https:\/\/www.europesays.com\/fr\/wp-json\/wp\/v2\/posts\/308750","targetHints":{"allow":["GET"]}}],"collection":[{"href":"https:\/\/www.europesays.com\/fr\/wp-json\/wp\/v2\/posts"}],"about":[{"href":"https:\/\/www.europesays.com\/fr\/wp-json\/wp\/v2\/types\/post"}],"author":[{"embeddable":true,"href":"https:\/\/www.europesays.com\/fr\/wp-json\/wp\/v2\/users\/2"}],"replies":[{"embeddable":true,"href":"https:\/\/www.europesays.com\/fr\/wp-json\/wp\/v2\/comments?post=308750"}],"version-history":[{"count":0,"href":"https:\/\/www.europesays.com\/fr\/wp-json\/wp\/v2\/posts\/308750\/revisions"}],"wp:featuredmedia":[{"embeddable":true,"href":"https:\/\/www.europesays.com\/fr\/wp-json\/wp\/v2\/media\/285698"}],"wp:attachment":[{"href":"https:\/\/www.europesays.com\/fr\/wp-json\/wp\/v2\/media?parent=308750"}],"wp:term":[{"taxonomy":"category","embeddable":true,"href":"https:\/\/www.europesays.com\/fr\/wp-json\/wp\/v2\/categories?post=308750"},{"taxonomy":"post_tag","embeddable":true,"href":"https:\/\/www.europesays.com\/fr\/wp-json\/wp\/v2\/tags?post=308750"}],"curies":[{"name":"wp","href":"https:\/\/api.w.org\/{rel}","templated":true}]}}