{"id":308755,"date":"2025-08-10T05:14:14","date_gmt":"2025-08-10T05:14:14","guid":{"rendered":"https:\/\/www.europesays.com\/fr\/308755\/"},"modified":"2025-08-10T05:14:14","modified_gmt":"2025-08-10T05:14:14","slug":"canicule-41-c-a-montpellier-38-c-a-bordeaux-ou-fera-t-il-le-plus-chaud-ce-dimanche","status":"publish","type":"post","link":"https:\/\/www.europesays.com\/fr\/308755\/","title":{"rendered":"Canicule\u00a0: 41\u00a0\u00b0C \u00e0 Montpellier, 38\u00a0\u00b0C \u00e0 Bordeaux\u2026 O\u00f9 fera-t-il le plus chaud ce dimanche\u00a0?"},"content":{"rendered":"<p class=\"paragraph text_align_left lp-f-body-02\">Le sud de la France suffoquait d\u00e9j\u00e0 samedi, <a href=\"https:\/\/www.leparisien.fr\/meteo\/meteo-du-week-end-quel-temps-fera-t-il-samedi-et-dimanche-08-08-2025-IIYLWZV57RCWXIYZFFOI3GEC4Q.php\" target=\"_self\" rel=\"nofollow noopener\">en proie \u00e0 une vague de chaleur<\/a>, la deuxi\u00e8me de cet \u00e9t\u00e9. Celle-ci devrait se renforcer et s\u2019\u00e9tendre encore ce dimanche et au-del\u00e0.<\/p>\n<p class=\"paragraph text_align_left lp-f-body-02\">Selon <a href=\"https:\/\/meteofrance.com\/\" target=\"_self\" rel=\"nofollow noopener\">M\u00e9t\u00e9o France<\/a>, \u00ab la chaleur va encore monter d\u2019un cran dans le Sud \u00bb et l\u2019alerte est \u00e9tendue \u00e0 la quasi-totalit\u00e9 de la moiti\u00e9 sud du pays, avec d\u00e9sormais <a href=\"https:\/\/www.leparisien.fr\/meteo\/canicule-28-departements-en-vigilance-orange-ce-samedi-40-a-partir-de-dimanche-09-08-2025-EN5R452T5FB4JFEKZOZV25NVAM.php\" target=\"_self\" rel=\"nofollow noopener\">42 d\u00e9partements hors Corse en vigilance orange canicule<\/a>. La vigilance est par ailleurs susceptible d\u2019\u00eatre encore \u00e9tendue.<\/p>\n<p class=\"paragraph text_align_left lp-f-body-02\">Le matin, les temp\u00e9ratures seront comprises entre 19 et 24 \u00b0C sur la moiti\u00e9 nord, et de 26 \u00e0 32 \u00b0C sur la moiti\u00e9 sud.<\/p>\n<p>Plusieurs fournaises dans le Sud<\/p>\n<p class=\"paragraph text_align_left lp-f-body-02\">Selon les derniers mod\u00e8les rendus publics, les chaleurs extr\u00eames s\u2019\u00e9tendront du bassin aquitain au sud de l\u2019Auvergne Rh\u00f4ne Alpes jusqu\u2019\u00e0 l\u2019arri\u00e8re-pays m\u00e9diterran\u00e9en. Au plus chaud de la journ\u00e9e, il fera 38 \u00b0C \u00e0 Toulouse, Mont\u00e9limar ou encore Bordeaux. Le mercure grimpera \u00e0 40 \u00b0C dans l\u2019apr\u00e8s-midi \u00e0 Perpignan, jusqu\u2019\u00e0 41 \u00b0C \u00e0 Montpellier.<\/p>\n<p class=\"paragraph text_align_left lp-f-body-02\">Avec 36 \u00b0C, les villes de Lyon et Limoges seront (relativement) mieux loties. Les pr\u00e9visionnistes tablent sur des maximales \u00e0 32 \u00b0C \u00e0 Nice et Marseille. Dans la moiti\u00e9 nord de la France, les temp\u00e9ratures ne d\u00e9passeront pas les 30 \u00b0C \u00e0 Metz, Strasbourg, Reims, Paris ou Rennes.<\/p>\n<p class=\"paragraph text_align_left lp-f-body-02\">Selon La Cha\u00eene M\u00e9t\u00e9o, ces fortes chaleurs vont se prolonger jusqu\u2019en fin de journ\u00e9e. \u00ab Il fera chaud tardivement dans les grandes villes avec 30 \u00b0C de Bordeaux \u00e0 Lyon et Toulouse, Nice et Marseille vers 21 heures \u00bb, explique le pr\u00e9visionniste <a href=\"https:\/\/actualite.lachainemeteo.com\/actualite-meteo\/2025-08-08\/meteo-du-dimanche-10-aout-plein-soleil-chaleur-torride-dans-le-sud-80387\" target=\"_self\" rel=\"nofollow noopener\">sur son site<\/a>.<\/p>\n<p>Pic de chaleur lundi<\/p>\n<p class=\"paragraph text_align_left lp-f-body-02\">Peut-on s\u2019attendre \u00e0 un rafra\u00eechissement la semaine prochaine ? Pas selon M\u00e9t\u00e9o France, qui indique que la journ\u00e9e de lundi se caract\u00e9risera par une \u00ab remont\u00e9e d\u2019une masse d\u2019air extr\u00eamement chaud sur une large partie du pays \u00bb, y compris au nord de la Loire, et sera sans doute \u00ab la plus chaude \u00e0 l\u2019\u00e9chelle nationale \u00bb.<\/p>\n<p class=\"paragraph text_align_left lp-f-body-02\">\u00ab Le pic est attendu entre lundi et mardi. (La vague de chaleur) devrait durer jusqu\u2019en fin de semaine prochaine \u00bb, commente-t-il. Dans ces circonstances, \u00ab prot\u00e9gez-vous \u00bb, insiste M\u00e9t\u00e9o France, appelant chacun \u00e0 rester au frais, privil\u00e9gier \u00ab les activit\u00e9s douces et sans effort \u00bb ou encore \u00ab prendre des nouvelles de (ses) proches et des plus fragiles \u00bb.<\/p>\n<p class=\"paragraph text_align_left lp-f-body-02\">Apr\u00e8s une premi\u00e8re vague de chaleur du 19 juin au 4 juillet, cet \u00e9pisode constitue la <a href=\"https:\/\/www.leparisien.fr\/meteo\/nettement-plus-chaud-les-temperatures-vont-grimper-la-semaine-prochaine-le-mois-daout-pourrait-etre-caniculaire-31-07-2025-NYQV3DR6FFFADPIJQW6JGYO5ME.php\" target=\"_self\" rel=\"nofollow noopener\">51e vague de chaleur enregistr\u00e9e en France<\/a> depuis 1947. \u00ab On note une acc\u00e9l\u00e9ration de la survenue des vagues de chaleur au fil du temps. Cette tendance est bien li\u00e9e au <a href=\"https:\/\/www.leparisien.fr\/societe\/sante\/fortes-chaleurs-pollution-de-leau-le-rechauffement-climatique-pese-de-plus-en-plus-sur-notre-sante-30-10-2024-Z6ABM5O5PBA4XFNAHLSFS7ZE3A.php\" target=\"_self\" rel=\"nofollow noopener\">changement climatique<\/a>, qui a un impact fort sur les temp\u00e9ratures en France hexagonale \u00bb, a d\u00e9clar\u00e9 Laurine Batt\u00e9, climatologue \u00e0 M\u00e9t\u00e9o France.<\/p>\n<p class=\"paragraph text_align_left lp-f-body-02\">L\u2019\u00e9pisode s\u2019accompagne d\u2019un <a href=\"https:\/\/www.leparisien.fr\/environnement\/canicule-vent-attention-au-risque-de-feux-de-forets-dans-louest-et-le-sud-de-la-france-ces-prochains-jours-09-08-2025-T2JNMLMMPJBCROI4W6OQZTSBRA.php\" target=\"_self\" rel=\"nofollow noopener\">danger \u00ab \u00e9lev\u00e9 \u00bb de feux de for\u00eat<\/a> sur le pourtour m\u00e9diterran\u00e9en, alors que l\u2019incendie <a href=\"https:\/\/www.leparisien.fr\/faits-divers\/incendie-dans-laude-des-paysages-calcines-a-perte-de-vue-les-desolantes-images-aeriennes-du-feu-du-siecle-07-08-2025-CIHC6WBTZBHB5CJD5MVDNO72WI.php\" target=\"_self\" rel=\"nofollow noopener\">qui a parcouru 16 000 ha dans le massif des Corbi\u00e8res<\/a> mobilise toujours 1 400 pompiers samedi ne pourra pas \u00eatre sous contr\u00f4le avant dimanche en fin de journ\u00e9e, selon les pompiers.<\/p>\n<p class=\"paragraph text_align_left lp-f-body-02\">Il co\u00efncide en outre avec un week-end de chass\u00e9-crois\u00e9 entre vacanciers automobilistes. Un pic de 1,240 km de bouchons a \u00e9t\u00e9 atteint peu avant midi, soit au-del\u00e0 des niveaux d\u00e9j\u00e0 consid\u00e9r\u00e9s comme \u00ab exceptionnels \u00bb par <a href=\"https:\/\/www.bison-fute.gouv.fr\/\" target=\"_self\" rel=\"nofollow noopener\">Bison fut\u00e9<\/a>.<\/p>\n<p class=\"paragraph text_align_left lp-f-body-02\">La SNCF a de son c\u00f4t\u00e9 indiqu\u00e9 <a href=\"https:\/\/www.leparisien.fr\/faits-divers\/canicule-voici-les-trains-annules-ce-week-end-a-cause-des-fortes-chaleurs-09-08-2025-I7U37HZK2RASVA7DXZSILRSWP4.php\" target=\"_self\" rel=\"nofollow noopener\">avoir supprim\u00e9 plusieurs allers-retours<\/a> sur les lignes Bordeaux-Marseille et Paris-Clermont afin d\u2019\u00ab anticiper des \u00ab pannes potentielles de climatisation li\u00e9es aux tr\u00e8s hautes temp\u00e9ratures \u00bb dans ses trains les plus anciens.<\/p>\n","protected":false},"excerpt":{"rendered":"Le sud de la France suffoquait d\u00e9j\u00e0 samedi, en proie \u00e0 une vague de chaleur, la deuxi\u00e8me de&hellip;\n","protected":false},"author":2,"featured_media":308756,"comment_status":"","ping_status":"","sticky":false,"template":"","format":"standard","meta":{"footnotes":""},"categories":[2817],"tags":[1111,11,1997,1777,674,1011,27,2487,12,2219,25],"class_list":{"0":"post-308755","1":"post","2":"type-post","3":"status-publish","4":"format-standard","5":"has-post-thumbnail","7":"category-bordeaux","8":"tag-actu","9":"tag-actualites","10":"tag-bordeaux","11":"tag-eu","12":"tag-europe","13":"tag-fr","14":"tag-france","15":"tag-meteo","16":"tag-news","17":"tag-nouvelle-aquitaine","18":"tag-republique-francaise"},"share_on_mastodon":{"url":"https:\/\/pubeurope.com\/@fr\/115002767059425034","error":""},"_links":{"self":[{"href":"https:\/\/www.europesays.com\/fr\/wp-json\/wp\/v2\/posts\/308755","targetHints":{"allow":["GET"]}}],"collection":[{"href":"https:\/\/www.europesays.com\/fr\/wp-json\/wp\/v2\/posts"}],"about":[{"href":"https:\/\/www.europesays.com\/fr\/wp-json\/wp\/v2\/types\/post"}],"author":[{"embeddable":true,"href":"https:\/\/www.europesays.com\/fr\/wp-json\/wp\/v2\/users\/2"}],"replies":[{"embeddable":true,"href":"https:\/\/www.europesays.com\/fr\/wp-json\/wp\/v2\/comments?post=308755"}],"version-history":[{"count":0,"href":"https:\/\/www.europesays.com\/fr\/wp-json\/wp\/v2\/posts\/308755\/revisions"}],"wp:featuredmedia":[{"embeddable":true,"href":"https:\/\/www.europesays.com\/fr\/wp-json\/wp\/v2\/media\/308756"}],"wp:attachment":[{"href":"https:\/\/www.europesays.com\/fr\/wp-json\/wp\/v2\/media?parent=308755"}],"wp:term":[{"taxonomy":"category","embeddable":true,"href":"https:\/\/www.europesays.com\/fr\/wp-json\/wp\/v2\/categories?post=308755"},{"taxonomy":"post_tag","embeddable":true,"href":"https:\/\/www.europesays.com\/fr\/wp-json\/wp\/v2\/tags?post=308755"}],"curies":[{"name":"wp","href":"https:\/\/api.w.org\/{rel}","templated":true}]}}