{"id":308761,"date":"2025-08-10T05:18:12","date_gmt":"2025-08-10T05:18:12","guid":{"rendered":"https:\/\/www.europesays.com\/fr\/308761\/"},"modified":"2025-08-10T05:18:12","modified_gmt":"2025-08-10T05:18:12","slug":"le-francais-lucas-chevalier-meilleur-gardien-de-ligue-1-quitte-lille-et-signe-au-psg","status":"publish","type":"post","link":"https:\/\/www.europesays.com\/fr\/308761\/","title":{"rendered":"le Fran\u00e7ais Lucas Chevalier, \u00ab\u00a0Meilleur gardien de Ligue 1\u00a0\u00bb, quitte Lille et signe au PSG"},"content":{"rendered":"<p class=\"article-p mdl\">Le premier gros coup du PSG dans ce mercato 2025. Ce samedi 9 ao\u00fbt, le club francilien a officialis\u00e9 sur ses r\u00e9seaux sociaux la signature du gardien fran\u00e7ais Lucas Chevalier en provenance du LOSC Lille. Le portier de 23 ans s&rsquo;est engag\u00e9 et a paraph\u00e9 un contrat de cinq ans, jusqu&rsquo;en 2030,\u00a0avec les\u00a0<a class=\"link\" href=\"https:\/\/www.rtl.fr\/sport\/football\/5-0-double-de-doue-ce-qu-il-faut-retenir-de-la-victoire-historique-du-psg-en-ligue-des-champions-7900510928\" rel=\"nofollow noopener\" target=\"_blank\">Champions d&rsquo;Europe<\/a>. Il portera le num\u00e9ro 30 avec le club de la capitale.<\/p>\n<p class=\"article-p mdl\">Faute d&rsquo;accord entre le PSG et\u00a0<a class=\"link\" href=\"https:\/\/www.rtl.fr\/sport\/football\/mercato-psg-gianluigi-donnarumma-bientot-remplace-par-lucas-chevalier-7900526659\" rel=\"nofollow noopener\" target=\"_blank\">Gianluigi Donnarumma<\/a>\u00a0\u00e0 propos <strong>d&rsquo;une prolongation de contrat au point mort <\/strong>depuis plusieurs mois, les dirigeants parisiens ont anticip\u00e9 un possible d\u00e9part de l&rsquo;Italien, sous contrat jusqu&rsquo;en 2026. Luis Campos, conseiller sportif du PSG, le visualisait comme le candidat id\u00e9al pour occuper les cages parisiennes. Son profil a \u00e9t\u00e9 valid\u00e9 par le coach Luis Enrique.<\/p>\n<p class=\"article-p mdl\">Pour s&rsquo;offrir les services du Fran\u00e7ais, les dirigeants parisiens ont d\u00e9pens\u00e9 55 millions d&rsquo;euros (bonus compris). C&rsquo;est\u00a0<strong>la troisi\u00e8me plus grosse somme d\u00e9bours\u00e9e pour un gardien de but dans l&rsquo;histoire du football, <\/strong>derri\u00e8re les transferts, en 2018, de l&rsquo;Espagnol Kepa Arrizabalaga, de l&rsquo;Athleltic Bilbao \u00e0 Chelsea (80 millions) et du Br\u00e9silien Alisson, de l&rsquo;AS Rome vers Liverpool (72.5 millions).<\/p>\n<p class=\"article-p mdl\">Le 11 mai 2025, Chevalier avait \u00e9t\u00e9 r\u00e9compens\u00e9 du\u00a0titre de meilleur gardien d<strong>e Ligue 1<\/strong> puis\u00a0nomm\u00e9 dans l&rsquo;\u00e9quipe de la saison 2024-25 \u00e0 l&rsquo;occasion de la c\u00e9r\u00e9monie des\u00a0<a class=\"link\" href=\"https:\/\/www.rtl.fr\/sport\/football\/foot-ousmane-dembele-elu-meilleur-joueur-de-la-saison-aux-trophees-unfp-7900503293\" rel=\"nofollow noopener\" target=\"_blank\">Troph\u00e9es UNFP 2025<\/a>.<\/p>\n<blockquote class=\"twitter-tweet\">\n<p lang=\"fr\" dir=\"ltr\">Le Paris Saint-Germain est heureux d\u2019annoncer la signature de Lucas Chevalier. Le gardien de but fran\u00e7ais de 23 ans, qui portera le num\u00e9ro 30, a sign\u00e9 un contrat avec le Club jusqu\u2019en 2030.<\/p>\n<p>\u2014 Paris Saint-Germain (@PSG_inside) <a href=\"https:\/\/twitter.com\/PSG_inside\/status\/1954250411134885984?ref_src=twsrc%5Etfw\" rel=\"nofollow noopener\" target=\"_blank\">August 9, 2025<\/a><\/p><\/blockquote>\n<p>    La r\u00e9daction vous recommande<\/p>\n<p class=\"s-newsletter__title\">\n                L\u2019actualit\u00e9 par la r\u00e9daction de RTL dans votre bo\u00eete mail.\n            <\/p>\n<p class=\"s-newsletter__subtitle\">\n                Gr\u00e2ce \u00e0 votre compte RTL abonnez-vous \u00e0 la newsletter RTL info pour suivre toute l&rsquo;actualit\u00e9 au quotidien\n            <\/p>\n<p>\n                                    Lire la suite\n                                <\/p>\n<p>                            <script async src=\"https:\/\/platform.twitter.com\/widgets.js\" charset=\"utf-8\"><\/script><\/p>\n","protected":false},"excerpt":{"rendered":"Le premier gros coup du PSG dans ce mercato 2025. Ce samedi 9 ao\u00fbt, le club francilien a&hellip;\n","protected":false},"author":2,"featured_media":308762,"comment_status":"","ping_status":"","sticky":false,"template":"","format":"standard","meta":{"footnotes":""},"categories":[2815],"tags":[1111,11,1777,674,107,2619,63,1011,27,811,66,1307,2267,12,91,25],"class_list":{"0":"post-308761","1":"post","2":"type-post","3":"status-publish","4":"format-standard","5":"has-post-thumbnail","7":"category-lille","8":"tag-actu","9":"tag-actualites","10":"tag-eu","11":"tag-europe","12":"tag-fil-info","13":"tag-fil-sport","14":"tag-football","15":"tag-fr","16":"tag-france","17":"tag-hauts-de-france","18":"tag-ligue-1","19":"tag-lille","20":"tag-losc","21":"tag-news","22":"tag-paris-saint-germain","23":"tag-republique-francaise"},"share_on_mastodon":{"url":"https:\/\/pubeurope.com\/@fr\/115002782763014948","error":""},"_links":{"self":[{"href":"https:\/\/www.europesays.com\/fr\/wp-json\/wp\/v2\/posts\/308761","targetHints":{"allow":["GET"]}}],"collection":[{"href":"https:\/\/www.europesays.com\/fr\/wp-json\/wp\/v2\/posts"}],"about":[{"href":"https:\/\/www.europesays.com\/fr\/wp-json\/wp\/v2\/types\/post"}],"author":[{"embeddable":true,"href":"https:\/\/www.europesays.com\/fr\/wp-json\/wp\/v2\/users\/2"}],"replies":[{"embeddable":true,"href":"https:\/\/www.europesays.com\/fr\/wp-json\/wp\/v2\/comments?post=308761"}],"version-history":[{"count":0,"href":"https:\/\/www.europesays.com\/fr\/wp-json\/wp\/v2\/posts\/308761\/revisions"}],"wp:featuredmedia":[{"embeddable":true,"href":"https:\/\/www.europesays.com\/fr\/wp-json\/wp\/v2\/media\/308762"}],"wp:attachment":[{"href":"https:\/\/www.europesays.com\/fr\/wp-json\/wp\/v2\/media?parent=308761"}],"wp:term":[{"taxonomy":"category","embeddable":true,"href":"https:\/\/www.europesays.com\/fr\/wp-json\/wp\/v2\/categories?post=308761"},{"taxonomy":"post_tag","embeddable":true,"href":"https:\/\/www.europesays.com\/fr\/wp-json\/wp\/v2\/tags?post=308761"}],"curies":[{"name":"wp","href":"https:\/\/api.w.org\/{rel}","templated":true}]}}