{"id":308763,"date":"2025-08-10T05:20:32","date_gmt":"2025-08-10T05:20:32","guid":{"rendered":"https:\/\/www.europesays.com\/fr\/308763\/"},"modified":"2025-08-10T05:20:32","modified_gmt":"2025-08-10T05:20:32","slug":"medina-balerdi-rulli-lom-cest-largentine","status":"publish","type":"post","link":"https:\/\/www.europesays.com\/fr\/308763\/","title":{"rendered":"Medina, Balerdi, Rulli, l\u2019OM c\u2019est l\u2019Argentine"},"content":{"rendered":"<p>Geronimo Rulli est d\u00e9j\u00e0 champion du monde alors que Leonardo Balerdi et Facundo Medina r\u00eavent d\u2019accompagner Leo Messi l\u2019\u00e9t\u00e9 prochain pour d\u00e9fendre le titre mondial de l\u2019Argentine\u00a0: avec ces trois titulaires, l\u2019Olympique de Marseille aura cette saison un petit air d\u2019Albiceleste.<\/p>\n<p>\u00ab\u00a0Vous connaissez les Argentins\u00a0! Jouer une Coupe du Monde avec mon pays, c\u2019est un r\u00eave \u00e0 accomplir et \u00e0 offrir \u00e0 ma maman. J\u2019esp\u00e8re faire partie de la liste et j\u2019esp\u00e8re qu\u2019\u00eatre ici \u00e0 l\u2019OM va m\u2019aider\u00a0\u00bb, a d\u00e9clar\u00e9 Facundo Medina d\u00e8s sa conf\u00e9rence de presse de pr\u00e9sentation.<\/p>\n<p>Avec sept s\u00e9lections, dont quatre la saison derni\u00e8re, l\u2019ancien Lensois a d\u00e9j\u00e0 go\u00fbt\u00e9 au maillot ciel et blanc de l\u2019Argentine. Il va d\u00e9sormais d\u00e9couvrir celui de l\u2019OM, aux m\u00eames couleurs, aux c\u00f4t\u00e9s de Leonardo Balerdi, qui a les m\u00eames ambitions internationales que lui.<\/p>\n<p>La Coupe du monde comme ambition commune<\/p>\n<p>Le capitaine de l\u2019OM compte, pour sa part, huit s\u00e9lections et l\u2019avant-derni\u00e8re face au Chili a particuli\u00e8rement impressionn\u00e9 alors qu\u2019il y a des places \u00e0 prendre derri\u00e8re les tr\u00e8s exp\u00e9riment\u00e9s Nicolas Otamendi et Cristian Romero. \u00ab\u00a0C\u2019est une opinion personnelle, mais je crois que, contre le Chili, Leo a fait un match incroyable. J\u2019esp\u00e8re qu\u2019on va pouvoir faire les m\u00eames choses ici et gagner notre place pour la Coupe du monde\u00a0\u00bb, a encore racont\u00e9 Medina.<\/p>\n<p>La Coupe du monde, Medina et Balerdi pourront demander \u00e0 Rulli de leur raconter celle de 2022. Troisi\u00e8me gardien au Qatar, derri\u00e8re l\u2019intouchable Emiliano Martinez et Franco Armani, le portier marseillais est en effet officiellement champion du monde.\u00a0La saison derni\u00e8re, il a justifi\u00e9 ce statut avec un exercice de grande qualit\u00e9, notamment les premiers mois, o\u00f9 il a tr\u00e8s souvent sauv\u00e9 l\u2019OM de la noyade \u00e0 coups d\u2019arr\u00eats miracles et de penaltys repouss\u00e9s.<\/p>\n<p>Cette saison, l\u2019un des objectifs de l\u2019OM et de l\u2019entra\u00eeneur Roberto De Zerbi sera justement de mieux prot\u00e9ger Rulli, de conc\u00e9der moins d\u2019occasions et de prendre moins de buts. Pour cela, le technicien italien comptera encore sur son capitaine Balerdi, lui aussi auteur d\u2019une saison derni\u00e8re tr\u00e8s solide. Et il pourra s\u2019appuyer sur la polyvalence de Medina, qui devrait partager son temps de jeu entre la d\u00e9fense centrale et le poste de lat\u00e9ral gauche.<\/p>\n<p>Medina \u00ab\u00a0veut faire partie de la grande histoire de ce club\u00a0\u00bb<\/p>\n<p>En attendant les premiers matchs de championnat, Medina est arriv\u00e9 \u00e0 la d\u00e9couverte de Marseille plein d\u2019enthousiasme et les yeux qui brillent. \u00ab\u00a0L\u2019OM est un grand club, celui de la deuxi\u00e8me ville de France. Il y a beaucoup de joueurs argentins qui sont pass\u00e9s ici, comme Gabriel Heinze ou Lucho Gonzalez. Il y a aussi (l\u2019Uruguayen) Enzo Francescoli, qui \u00e9tait en plus une idole \u00e0 River Plate\u00a0\u00bb, a ainsi d\u00e9clar\u00e9 l\u2019ancien Lensois, qui a lui-m\u00eame d\u00e9but\u00e9 sa carri\u00e8re dans ce grand club de Buenos Aires.<\/p>\n<p>\u00ab\u00a0Aujourd\u2019hui, il y a aussi Leo (Balerdi) et Gero (Rulli) et je suis heureux de faire partie de ce groupe d\u2019Argentins \u00e0 l\u2019OM. Je veux faire partie de la grande histoire de ce club\u00a0\u00bb, a-t-il ajout\u00e9 lors de sa conf\u00e9rence de presse de pr\u00e9sentation.<\/p>\n<p>Le stade, les supporteurs de l\u2019OM, \u00ab\u00a0c\u2019est un peu pareil que l\u2019Argentine\u00a0!\u00a0\u00bb<\/p>\n<p>Le passeport argentin n\u2019est pourtant pas une garantie de r\u00e9ussite \u00e0 l\u2019OM et certains compatriotes de Rulli, Balerdi et Medina font plut\u00f4t partie de la petite histoire de l\u2019OM, comme Eduardo Berizzo, Dario Benedetto, Juan Krupoviesa ou Christian Gimenez. Mais tous savent que l\u2019ambiance du V\u00e9lodrome est particuli\u00e8re.<\/p>\n<p>\u00ab\u00a0C\u2019est magnifique. J\u2019ai fait cinq ans \u00e0 Lens et c\u2019\u00e9tait d\u00e9j\u00e0 tr\u00e8s bien. Mais ici, je l\u2019ai vu d\u00e8s la premi\u00e8re fois, le stade et les supporteurs sont incroyables\u00a0\u00bb, a ainsi racont\u00e9 Medina, avant de conclure, tout sourire\u00a0: \u00ab\u00a0C\u2019est un peu pareil que l\u2019Argentine\u00a0!\u00a0\u00bb<\/p>\n","protected":false},"excerpt":{"rendered":"Geronimo Rulli est d\u00e9j\u00e0 champion du monde alors que Leonardo Balerdi et Facundo Medina r\u00eavent d\u2019accompagner Leo Messi&hellip;\n","protected":false},"author":2,"featured_media":308764,"comment_status":"","ping_status":"","sticky":false,"template":"","format":"standard","meta":{"footnotes":""},"categories":[2814],"tags":[1111,11,1777,674,63,1011,27,66,884,12,882,25,60],"class_list":{"0":"post-308763","1":"post","2":"type-post","3":"status-publish","4":"format-standard","5":"has-post-thumbnail","7":"category-marseille","8":"tag-actu","9":"tag-actualites","10":"tag-eu","11":"tag-europe","12":"tag-football","13":"tag-fr","14":"tag-france","15":"tag-ligue-1","16":"tag-marseille","17":"tag-news","18":"tag-provence-alpes-cote-dazur","19":"tag-republique-francaise","20":"tag-sports"},"share_on_mastodon":{"url":"https:\/\/pubeurope.com\/@fr\/115002790703807919","error":""},"_links":{"self":[{"href":"https:\/\/www.europesays.com\/fr\/wp-json\/wp\/v2\/posts\/308763","targetHints":{"allow":["GET"]}}],"collection":[{"href":"https:\/\/www.europesays.com\/fr\/wp-json\/wp\/v2\/posts"}],"about":[{"href":"https:\/\/www.europesays.com\/fr\/wp-json\/wp\/v2\/types\/post"}],"author":[{"embeddable":true,"href":"https:\/\/www.europesays.com\/fr\/wp-json\/wp\/v2\/users\/2"}],"replies":[{"embeddable":true,"href":"https:\/\/www.europesays.com\/fr\/wp-json\/wp\/v2\/comments?post=308763"}],"version-history":[{"count":0,"href":"https:\/\/www.europesays.com\/fr\/wp-json\/wp\/v2\/posts\/308763\/revisions"}],"wp:featuredmedia":[{"embeddable":true,"href":"https:\/\/www.europesays.com\/fr\/wp-json\/wp\/v2\/media\/308764"}],"wp:attachment":[{"href":"https:\/\/www.europesays.com\/fr\/wp-json\/wp\/v2\/media?parent=308763"}],"wp:term":[{"taxonomy":"category","embeddable":true,"href":"https:\/\/www.europesays.com\/fr\/wp-json\/wp\/v2\/categories?post=308763"},{"taxonomy":"post_tag","embeddable":true,"href":"https:\/\/www.europesays.com\/fr\/wp-json\/wp\/v2\/tags?post=308763"}],"curies":[{"name":"wp","href":"https:\/\/api.w.org\/{rel}","templated":true}]}}